{"id":2462,"date":"2023-10-16T07:19:56","date_gmt":"2023-10-16T07:19:56","guid":{"rendered":"https:\/\/luracare.es\/?p=2462"},"modified":"2024-06-18T07:50:44","modified_gmt":"2024-06-18T07:50:44","slug":"lura-care-nuestro-compromiso-renovado-con-la-atencion-a-la-dependencia","status":"publish","type":"post","link":"https:\/\/luracare.es\/ca\/2023\/10\/lura-care-nuestro-compromiso-renovado-con-la-atencion-a-la-dependencia\/","title":{"rendered":"Lura Care: el nostre comprom\u00eds renovat amb l&#039;atenci\u00f3 a la depend\u00e8ncia"},"content":{"rendered":"<p><mark style=\"background-color:transparent\" class=\"has-inline-color has-primary-color\">16\/10\/2023<\/mark><\/p>\n\n\n\n<p>Des de l&#039;any 2015, a <a href=\"https:\/\/dentalresidency.es\/\" target=\"_blank\" rel=\"noreferrer noopener\">Dental Residency<\/a> hem treballat sense descans per fer accessible la salut bucodental a milers de persones grans i persones amb diversitat funcional que, a causa de la seva situaci\u00f3 de depend\u00e8ncia o els seus problemes de mobilitat, no pot accedir a les prestacions de salut bucodental que necessiten, i queden completament desateses.<br><br>I gr\u00e0cies a la confian\u00e7a que ens han brindat les m\u00e9s de 1.000 resid\u00e8ncies i centres de dia amb qu\u00e8 col\u00b7laborem, a m\u00e9s de les prestacions domicili\u00e0ries, avui dia som la companyia l\u00edder al nostre pa\u00eds. Ja s\u00f3n m\u00e9s de 100.000 les persones a qui hem ajudat a millorar la seva salut, benestar i qualitat de vida, mitjan\u00e7ant un model d&#039;atenci\u00f3 m\u00f2bil amb qu\u00e8 evitem els despla\u00e7aments sempre que resulti possible, adaptat a les seves circumst\u00e0ncies espec\u00edfiques i amb l&#039;especial sensibilitat que requereixen.<br><br>Aquests anys han estat un viatge apassionant, per\u00f2 avui estem molt il\u00b7lusionats de poder compartir amb vosaltres que fem un important pas endavant amb la nostra evoluci\u00f3 cap a <a href=\"https:\/\/lura.care\/\" target=\"_blank\" rel=\"noreferrer noopener\"><strong>Lura Care<\/strong><\/a>, la nova marca amb qu\u00e8 renovem el nostre comprom\u00eds amb aquest objectiu i incorporem noves prestacions mitjan\u00e7ant el nostre model de serveis de salut m\u00f2bils, que desenvoluparem a trav\u00e9s de tres l\u00ednies de serveis.<\/p>\n\n\n\n<p><\/p>\n\n\n\n<div class=\"wp-block-columns is-layout-flex wp-container-core-columns-is-layout-28f84493 wp-block-columns-is-layout-flex\">\n<div class=\"wp-block-column is-layout-flow wp-block-column-is-layout-flow\">\n<figure class=\"wp-block-image aligncenter size-large is-resized\"><img loading=\"lazy\" decoding=\"async\" width=\"1024\" height=\"429\" src=\"https:\/\/luracare.es\/wp-content\/uploads\/2023\/10\/lura_dental_blog-1024x429.png\" alt=\"\" class=\"wp-image-2477\" style=\"aspect-ratio:2.386946386946387;object-fit:cover;width:300px\" srcset=\"https:\/\/luracare.es\/wp-content\/uploads\/2023\/10\/lura_dental_blog-1024x429.png 1024w, https:\/\/luracare.es\/wp-content\/uploads\/2023\/10\/lura_dental_blog-300x126.png 300w, https:\/\/luracare.es\/wp-content\/uploads\/2023\/10\/lura_dental_blog-768x322.png 768w, https:\/\/luracare.es\/wp-content\/uploads\/2023\/10\/lura_dental_blog.png 1536w\" sizes=\"auto, (max-width: 1024px) 100vw, 1024px\" \/><\/figure>\n\n\n\n<p class=\"has-text-align-center\">Serveis de salut bucodental mitjan\u00e7ant Unitats M\u00f2bils<br>Dentals i les nostres cl\u00edniques col\u00b7laboradores.<\/p>\n\n\n\n<p><\/p>\n<\/div>\n<\/div>\n\n\n\n<div class=\"wp-block-columns is-layout-flex wp-container-core-columns-is-layout-28f84493 wp-block-columns-is-layout-flex\">\n<div class=\"wp-block-column is-layout-flow wp-block-column-is-layout-flow\">\n<figure class=\"wp-block-image aligncenter size-large is-resized\"><img loading=\"lazy\" decoding=\"async\" width=\"1024\" height=\"429\" src=\"https:\/\/luracare.es\/wp-content\/uploads\/2023\/10\/lura_vision_blog-1024x429.png\" alt=\"\" class=\"wp-image-2478\" style=\"aspect-ratio:2.386946386946387;object-fit:cover;width:300px\" srcset=\"https:\/\/luracare.es\/wp-content\/uploads\/2023\/10\/lura_vision_blog-1024x429.png 1024w, https:\/\/luracare.es\/wp-content\/uploads\/2023\/10\/lura_vision_blog-300x126.png 300w, https:\/\/luracare.es\/wp-content\/uploads\/2023\/10\/lura_vision_blog-768x322.png 768w, https:\/\/luracare.es\/wp-content\/uploads\/2023\/10\/lura_vision_blog.png 1536w\" sizes=\"auto, (max-width: 1024px) 100vw, 1024px\" \/><\/figure>\n\n\n\n<p class=\"has-text-align-center\">Serveis \u00f2ptics de la m\u00e0xima qualitat per oferir<br>solucions personalitzades a cada usuari.<\/p>\n\n\n\n<p><\/p>\n<\/div>\n<\/div>\n\n\n\n<div class=\"wp-block-columns is-layout-flex wp-container-core-columns-is-layout-28f84493 wp-block-columns-is-layout-flex\">\n<div class=\"wp-block-column is-layout-flow wp-block-column-is-layout-flow\">\n<figure class=\"wp-block-image aligncenter size-large is-resized\"><img loading=\"lazy\" decoding=\"async\" width=\"1024\" height=\"429\" src=\"https:\/\/luracare.es\/wp-content\/uploads\/2023\/10\/lura_hearing_blog-1024x429.png\" alt=\"\" class=\"wp-image-2479\" style=\"aspect-ratio:2.386946386946387;object-fit:cover;width:300px\" srcset=\"https:\/\/luracare.es\/wp-content\/uploads\/2023\/10\/lura_hearing_blog-1024x429.png 1024w, https:\/\/luracare.es\/wp-content\/uploads\/2023\/10\/lura_hearing_blog-300x126.png 300w, https:\/\/luracare.es\/wp-content\/uploads\/2023\/10\/lura_hearing_blog-768x322.png 768w, https:\/\/luracare.es\/wp-content\/uploads\/2023\/10\/lura_hearing_blog.png 1536w\" sizes=\"auto, (max-width: 1024px) 100vw, 1024px\" \/><\/figure>\n\n\n\n<p class=\"has-text-align-center\">Serveis d&#039;audiologia, comptant amb les millors<br>solucions en ajudes auditives i audi\u00f2fons.<\/p>\n<\/div>\n<\/div>\n\n\n\n<p><br><\/p>\n\n\n\n<p>El nom <a href=\"https:\/\/lura.care\/\" target=\"_blank\" rel=\"noreferrer noopener\">Lura Care<\/a> \u00e9s el nostre humil homenatge a una dona que personifica els valors que donen sentit a la nostra activitat: humilitat, resili\u00e8ncia i comprom\u00eds social. <a href=\"https:\/\/es.wikipedia.org\/wiki\/Lucile_Randon\" target=\"_blank\" rel=\"noreferrer noopener\">Lucile Randon<\/a> (1904-2023), una monja francesa coneguda com a Germana Andr\u00e9, va ser una dona extraordin\u00e0ria que va viure fins als 118 anys, i que va dedicar pr\u00e0cticament tota la seva vida a ajudar els altres.<\/p>\n\n\n\n<p>Despr\u00e9s de prop de 30 anys dedicada a la cura de nens i ancians, Lucile va passar els \u00faltims 44 anys de la seva vida a centres residencials, superant la Covid-19 als 117 anys. Per nosaltres \u00e9s un exemple enorme d&#039;una vida de servei als altres, i personifica la import\u00e0ncia de disposar de la qualitat de vida necess\u00e0ria per poder gaudir d&#039;una vida llarga i plena.<br><br>Aquestes necessitats d&#039;atenci\u00f3 s\u00f3n les mateixes a tot Europa, per aix\u00f2 estem impulsant la nostra expansi\u00f3 internacional a altres pa\u00efsos. El gener d&#039;aquest mateix any vam obrir un centre operatiu a Mil\u00e0, des del qual prestem servei als centres del nord d&#039;It\u00e0lia, i estem en el proc\u00e9s regulatori per a la propera obertura d&#039;un centre a la zona de Londres com a entrada al Regne Unit.<br><br>I tenim previst entrar a Alemanya el 2024, aix\u00ed com a altres mercats europeus al llarg del seg\u00fcent any. L&#039;objectiu de tot l&#039;equip de <a href=\"https:\/\/lura.care\/\" target=\"_blank\" rel=\"noreferrer noopener\">Lura Care<\/a> \u00e9s que en 5 anys puguem oferir cobertura assistencial a m\u00e9s de 2 milions de persones, amb 25 centres operatius a 4 pa\u00efsos, i atendre cada any m\u00e9s de 300.000 persones i realitzar m\u00e9s de 70.000 tractaments.<br><br>Esperem que en aquesta nova etapa, que iniciem amb tota la il\u00b7lusi\u00f3 del m\u00f3n, puguem continuar treballant junts per aconseguir que el dret universal a la salut sigui una realitat per a totes les persones, siguin on siguin i sigui quina sigui la seva condici\u00f3. Perqu\u00e8 els serveis de salut domiciliaris no s\u00f3n un caprici, s\u00f3n una veritable necessitat social.<br>&nbsp;<\/p>","protected":false},"excerpt":{"rendered":"<p>16\/10\/2023 Des de l&#039;any 2015, a Dental Residency hem treballat sense descans per fer accessible la salut bucodental a milers de persones grans i persones amb diversitat funcional que, a causa de la seva situaci\u00f3 de depend\u00e8ncia o els seus problemes de mobilitat, no hi pot accedir a les prestacions de salut bucodental que necessiten, i queden completament desateses. I\u2026 <a class=\"continue\" href=\"https:\/\/luracare.es\/ca\/2023\/10\/lura-care-nuestro-compromiso-renovado-con-la-atencion-a-la-dependencia\/\">Continue Reading<span> Lura Care: el nostre comprom\u00eds renovat amb l&#039;atenci\u00f3 a la depend\u00e8ncia<\/span><\/a><\/p>","protected":false},"author":3,"featured_media":2467,"comment_status":"closed","ping_status":"closed","sticky":false,"template":"","format":"standard","meta":{"_coblocks_attr":"","_coblocks_dimensions":"","_coblocks_responsive_height":"","_coblocks_accordion_ie_support":"","footnotes":""},"categories":[19],"tags":[26,34,36,30,29,37,35,24,20,25,27,28,33,31,32],"class_list":["post-2462","post","type-post","status-publish","format-standard","has-post-thumbnail","hentry","category-noticias","tag-audiologia","tag-centros-de-dia","tag-dependencia","tag-discapacidad","tag-diversidad-funcional","tag-impacto-social","tag-lucile-randon","tag-lura-care","tag-noticia","tag-odontologia","tag-optica","tag-personas-mayores","tag-residencias","tag-salud","tag-servicio-domiciliario"],"yoast_head":"<!-- This site is optimized with the Yoast SEO plugin v27.5 - https:\/\/yoast.com\/product\/yoast-seo-wordpress\/ -->\n<title>Lura Care: nuestro compromiso renovado con la atenci\u00f3n a la dependencia - Lura Care Espa\u00f1a<\/title>\n<meta name=\"description\" content=\"L\u00edderes en odontolog\u00eda residencial para la tercera edad y las personas con diversidad funcional. \u00a1Cont\u00e1ctanos ahora!\" \/>\n<meta name=\"robots\" content=\"index, follow, max-snippet:-1, max-image-preview:large, max-video-preview:-1\" \/>\n<link rel=\"canonical\" href=\"https:\/\/luracare.es\/ca\/2023\/10\/lura-care-nuestro-compromiso-renovado-con-la-atencion-a-la-dependencia\/\" \/>\n<meta property=\"og:locale\" content=\"ca_ES\" \/>\n<meta property=\"og:type\" content=\"article\" \/>\n<meta property=\"og:title\" content=\"Lura Care: nuestro compromiso renovado con la atenci\u00f3n a la dependencia - Lura Care Espa\u00f1a\" \/>\n<meta property=\"og:description\" content=\"L\u00edderes en odontolog\u00eda residencial para la tercera edad y las personas con diversidad funcional. \u00a1Cont\u00e1ctanos ahora!\" \/>\n<meta property=\"og:url\" content=\"https:\/\/luracare.es\/ca\/2023\/10\/lura-care-nuestro-compromiso-renovado-con-la-atencion-a-la-dependencia\/\" \/>\n<meta property=\"og:site_name\" content=\"Lura Care Espa\u00f1a\" \/>\n<meta property=\"article:published_time\" content=\"2023-10-16T07:19:56+00:00\" \/>\n<meta property=\"article:modified_time\" content=\"2024-06-18T07:50:44+00:00\" \/>\n<meta property=\"og:image\" content=\"https:\/\/luracare.es\/wp-content\/uploads\/2023\/10\/LuraCare-Noticias-NuevaMarca-231016-1.jpg\" \/>\n\t<meta property=\"og:image:width\" content=\"1200\" \/>\n\t<meta property=\"og:image:height\" content=\"600\" \/>\n\t<meta property=\"og:image:type\" content=\"image\/jpeg\" \/>\n<meta name=\"author\" content=\"Ramon Prats\" \/>\n<meta name=\"twitter:card\" content=\"summary_large_image\" \/>\n<meta name=\"twitter:label1\" content=\"Escrit per\" \/>\n\t<meta name=\"twitter:data1\" content=\"Ramon Prats\" \/>\n\t<meta name=\"twitter:label2\" content=\"Temps estimat de lectura\" \/>\n\t<meta name=\"twitter:data2\" content=\"4 minuts\" \/>\n<script type=\"application\/ld+json\" class=\"yoast-schema-graph\">{\"@context\":\"https:\\\/\\\/schema.org\",\"@graph\":[{\"@type\":\"Article\",\"@id\":\"https:\\\/\\\/luracare.es\\\/es_es\\\/2023\\\/10\\\/lura-care-nuestro-compromiso-renovado-con-la-atencion-a-la-dependencia\\\/#article\",\"isPartOf\":{\"@id\":\"https:\\\/\\\/luracare.es\\\/es_es\\\/2023\\\/10\\\/lura-care-nuestro-compromiso-renovado-con-la-atencion-a-la-dependencia\\\/\"},\"author\":{\"name\":\"Ramon Prats\",\"@id\":\"https:\\\/\\\/luracare.es\\\/ca\\\/#\\\/schema\\\/person\\\/481791a2cec057d87c344bde8cbe83a7\"},\"headline\":\"Lura Care: nuestro compromiso renovado con la atenci\u00f3n a la dependencia\",\"datePublished\":\"2023-10-16T07:19:56+00:00\",\"dateModified\":\"2024-06-18T07:50:44+00:00\",\"mainEntityOfPage\":{\"@id\":\"https:\\\/\\\/luracare.es\\\/es_es\\\/2023\\\/10\\\/lura-care-nuestro-compromiso-renovado-con-la-atencion-a-la-dependencia\\\/\"},\"wordCount\":602,\"publisher\":{\"@id\":\"https:\\\/\\\/luracare.es\\\/ca\\\/#organization\"},\"image\":{\"@id\":\"https:\\\/\\\/luracare.es\\\/es_es\\\/2023\\\/10\\\/lura-care-nuestro-compromiso-renovado-con-la-atencion-a-la-dependencia\\\/#primaryimage\"},\"thumbnailUrl\":\"https:\\\/\\\/luracare.es\\\/wp-content\\\/uploads\\\/2023\\\/10\\\/LuraCare-Noticias-NuevaMarca-231016-1.jpg\",\"keywords\":[\"audiolog\u00eda\",\"centros de d\u00eda\",\"dependencia\",\"discapacidad\",\"diversidad funcional\",\"impacto social\",\"Lucile Randon\",\"Lura Care\",\"Noticia\",\"odontolog\u00eda\",\"\u00f3ptica\",\"personas mayores\",\"residencias\",\"salud\",\"servicio domiciliario\"],\"articleSection\":[\"Noticias\"],\"inLanguage\":\"ca\"},{\"@type\":\"WebPage\",\"@id\":\"https:\\\/\\\/luracare.es\\\/es_es\\\/2023\\\/10\\\/lura-care-nuestro-compromiso-renovado-con-la-atencion-a-la-dependencia\\\/\",\"url\":\"https:\\\/\\\/luracare.es\\\/es_es\\\/2023\\\/10\\\/lura-care-nuestro-compromiso-renovado-con-la-atencion-a-la-dependencia\\\/\",\"name\":\"Lura Care: nuestro compromiso renovado con la atenci\u00f3n a la dependencia - Lura Care Espa\u00f1a\",\"isPartOf\":{\"@id\":\"https:\\\/\\\/luracare.es\\\/ca\\\/#website\"},\"primaryImageOfPage\":{\"@id\":\"https:\\\/\\\/luracare.es\\\/es_es\\\/2023\\\/10\\\/lura-care-nuestro-compromiso-renovado-con-la-atencion-a-la-dependencia\\\/#primaryimage\"},\"image\":{\"@id\":\"https:\\\/\\\/luracare.es\\\/es_es\\\/2023\\\/10\\\/lura-care-nuestro-compromiso-renovado-con-la-atencion-a-la-dependencia\\\/#primaryimage\"},\"thumbnailUrl\":\"https:\\\/\\\/luracare.es\\\/wp-content\\\/uploads\\\/2023\\\/10\\\/LuraCare-Noticias-NuevaMarca-231016-1.jpg\",\"datePublished\":\"2023-10-16T07:19:56+00:00\",\"dateModified\":\"2024-06-18T07:50:44+00:00\",\"description\":\"L\u00edderes en odontolog\u00eda residencial para la tercera edad y las personas con diversidad funcional. \u00a1Cont\u00e1ctanos ahora!\",\"breadcrumb\":{\"@id\":\"https:\\\/\\\/luracare.es\\\/es_es\\\/2023\\\/10\\\/lura-care-nuestro-compromiso-renovado-con-la-atencion-a-la-dependencia\\\/#breadcrumb\"},\"inLanguage\":\"ca\",\"potentialAction\":[{\"@type\":\"ReadAction\",\"target\":[\"https:\\\/\\\/luracare.es\\\/es_es\\\/2023\\\/10\\\/lura-care-nuestro-compromiso-renovado-con-la-atencion-a-la-dependencia\\\/\"]}]},{\"@type\":\"ImageObject\",\"inLanguage\":\"ca\",\"@id\":\"https:\\\/\\\/luracare.es\\\/es_es\\\/2023\\\/10\\\/lura-care-nuestro-compromiso-renovado-con-la-atencion-a-la-dependencia\\\/#primaryimage\",\"url\":\"https:\\\/\\\/luracare.es\\\/wp-content\\\/uploads\\\/2023\\\/10\\\/LuraCare-Noticias-NuevaMarca-231016-1.jpg\",\"contentUrl\":\"https:\\\/\\\/luracare.es\\\/wp-content\\\/uploads\\\/2023\\\/10\\\/LuraCare-Noticias-NuevaMarca-231016-1.jpg\",\"width\":1200,\"height\":600},{\"@type\":\"BreadcrumbList\",\"@id\":\"https:\\\/\\\/luracare.es\\\/es_es\\\/2023\\\/10\\\/lura-care-nuestro-compromiso-renovado-con-la-atencion-a-la-dependencia\\\/#breadcrumb\",\"itemListElement\":[{\"@type\":\"ListItem\",\"position\":1,\"name\":\"Portada\",\"item\":\"https:\\\/\\\/luracare.es\\\/ca\\\/\"},{\"@type\":\"ListItem\",\"position\":2,\"name\":\"Lura Care: nuestro compromiso renovado con la atenci\u00f3n a la dependencia\"}]},{\"@type\":\"WebSite\",\"@id\":\"https:\\\/\\\/luracare.es\\\/ca\\\/#website\",\"url\":\"https:\\\/\\\/luracare.es\\\/ca\\\/\",\"name\":\"Lura Care - La asistencia domiciliaria que necesitas\",\"description\":\"L\u00edderes en odontolog\u00eda residencial para la tercera edad y las personas con diversidad funcional.\",\"publisher\":{\"@id\":\"https:\\\/\\\/luracare.es\\\/ca\\\/#organization\"},\"alternateName\":\"Lura Care\",\"potentialAction\":[{\"@type\":\"SearchAction\",\"target\":{\"@type\":\"EntryPoint\",\"urlTemplate\":\"https:\\\/\\\/luracare.es\\\/ca\\\/?s={search_term_string}\"},\"query-input\":{\"@type\":\"PropertyValueSpecification\",\"valueRequired\":true,\"valueName\":\"search_term_string\"}}],\"inLanguage\":\"ca\"},{\"@type\":\"Organization\",\"@id\":\"https:\\\/\\\/luracare.es\\\/ca\\\/#organization\",\"name\":\"Lura Care\",\"alternateName\":\"DENTAL RESIDENCY S.L.\",\"url\":\"https:\\\/\\\/luracare.es\\\/ca\\\/\",\"logo\":{\"@type\":\"ImageObject\",\"inLanguage\":\"ca\",\"@id\":\"https:\\\/\\\/luracare.es\\\/ca\\\/#\\\/schema\\\/logo\\\/image\\\/\",\"url\":\"https:\\\/\\\/luracare.es\\\/wp-content\\\/uploads\\\/2023\\\/10\\\/Lura_Care_Bringing_Health_To-Your_Home_h1_claim.png\",\"contentUrl\":\"https:\\\/\\\/luracare.es\\\/wp-content\\\/uploads\\\/2023\\\/10\\\/Lura_Care_Bringing_Health_To-Your_Home_h1_claim.png\",\"width\":3290,\"height\":943,\"caption\":\"Lura Care\"},\"image\":{\"@id\":\"https:\\\/\\\/luracare.es\\\/ca\\\/#\\\/schema\\\/logo\\\/image\\\/\"}},{\"@type\":\"Person\",\"@id\":\"https:\\\/\\\/luracare.es\\\/ca\\\/#\\\/schema\\\/person\\\/481791a2cec057d87c344bde8cbe83a7\",\"name\":\"Ramon Prats\",\"image\":{\"@type\":\"ImageObject\",\"inLanguage\":\"ca\",\"@id\":\"https:\\\/\\\/secure.gravatar.com\\\/avatar\\\/c626816712aa8911daa37bd8129f436f3b1b4c74d0ef5669f69af79994f3648d?s=96&d=wavatar&r=g\",\"url\":\"https:\\\/\\\/secure.gravatar.com\\\/avatar\\\/c626816712aa8911daa37bd8129f436f3b1b4c74d0ef5669f69af79994f3648d?s=96&d=wavatar&r=g\",\"contentUrl\":\"https:\\\/\\\/secure.gravatar.com\\\/avatar\\\/c626816712aa8911daa37bd8129f436f3b1b4c74d0ef5669f69af79994f3648d?s=96&d=wavatar&r=g\",\"caption\":\"Ramon Prats\"},\"url\":\"https:\\\/\\\/luracare.es\\\/ca\\\/author\\\/rprats\\\/\"}]}<\/script>\n<!-- \/ Yoast SEO plugin. -->","yoast_head_json":{"title":"Lura Care: el nostre comprom\u00eds renovat amb l&#039;atenci\u00f3 a la depend\u00e8ncia - Lura Care Espa\u00f1a","description":"L\u00edders en odontologia residencial per a gent gran i les persones amb diversitat funcional. Contacta&#039;ns ara!","robots":{"index":"index","follow":"follow","max-snippet":"max-snippet:-1","max-image-preview":"max-image-preview:large","max-video-preview":"max-video-preview:-1"},"canonical":"https:\/\/luracare.es\/ca\/2023\/10\/lura-care-nuestro-compromiso-renovado-con-la-atencion-a-la-dependencia\/","og_locale":"ca_ES","og_type":"article","og_title":"Lura Care: nuestro compromiso renovado con la atenci\u00f3n a la dependencia - Lura Care Espa\u00f1a","og_description":"L\u00edderes en odontolog\u00eda residencial para la tercera edad y las personas con diversidad funcional. \u00a1Cont\u00e1ctanos ahora!","og_url":"https:\/\/luracare.es\/ca\/2023\/10\/lura-care-nuestro-compromiso-renovado-con-la-atencion-a-la-dependencia\/","og_site_name":"Lura Care Espa\u00f1a","article_published_time":"2023-10-16T07:19:56+00:00","article_modified_time":"2024-06-18T07:50:44+00:00","og_image":[{"width":1200,"height":600,"url":"https:\/\/luracare.es\/wp-content\/uploads\/2023\/10\/LuraCare-Noticias-NuevaMarca-231016-1.jpg","type":"image\/jpeg"}],"author":"Ramon Prats","twitter_card":"summary_large_image","twitter_misc":{"Escrit per":"Ramon Prats","Temps estimat de lectura":"4 minuts"},"schema":{"@context":"https:\/\/schema.org","@graph":[{"@type":"Article","@id":"https:\/\/luracare.es\/es_es\/2023\/10\/lura-care-nuestro-compromiso-renovado-con-la-atencion-a-la-dependencia\/#article","isPartOf":{"@id":"https:\/\/luracare.es\/es_es\/2023\/10\/lura-care-nuestro-compromiso-renovado-con-la-atencion-a-la-dependencia\/"},"author":{"name":"Ramon Prats","@id":"https:\/\/luracare.es\/ca\/#\/schema\/person\/481791a2cec057d87c344bde8cbe83a7"},"headline":"Lura Care: nuestro compromiso renovado con la atenci\u00f3n a la dependencia","datePublished":"2023-10-16T07:19:56+00:00","dateModified":"2024-06-18T07:50:44+00:00","mainEntityOfPage":{"@id":"https:\/\/luracare.es\/es_es\/2023\/10\/lura-care-nuestro-compromiso-renovado-con-la-atencion-a-la-dependencia\/"},"wordCount":602,"publisher":{"@id":"https:\/\/luracare.es\/ca\/#organization"},"image":{"@id":"https:\/\/luracare.es\/es_es\/2023\/10\/lura-care-nuestro-compromiso-renovado-con-la-atencion-a-la-dependencia\/#primaryimage"},"thumbnailUrl":"https:\/\/luracare.es\/wp-content\/uploads\/2023\/10\/LuraCare-Noticias-NuevaMarca-231016-1.jpg","keywords":["audiolog\u00eda","centros de d\u00eda","dependencia","discapacidad","diversidad funcional","impacto social","Lucile Randon","Lura Care","Noticia","odontolog\u00eda","\u00f3ptica","personas mayores","residencias","salud","servicio domiciliario"],"articleSection":["Noticias"],"inLanguage":"ca"},{"@type":"WebPage","@id":"https:\/\/luracare.es\/es_es\/2023\/10\/lura-care-nuestro-compromiso-renovado-con-la-atencion-a-la-dependencia\/","url":"https:\/\/luracare.es\/es_es\/2023\/10\/lura-care-nuestro-compromiso-renovado-con-la-atencion-a-la-dependencia\/","name":"Lura Care: el nostre comprom\u00eds renovat amb l&#039;atenci\u00f3 a la depend\u00e8ncia - Lura Care Espa\u00f1a","isPartOf":{"@id":"https:\/\/luracare.es\/ca\/#website"},"primaryImageOfPage":{"@id":"https:\/\/luracare.es\/es_es\/2023\/10\/lura-care-nuestro-compromiso-renovado-con-la-atencion-a-la-dependencia\/#primaryimage"},"image":{"@id":"https:\/\/luracare.es\/es_es\/2023\/10\/lura-care-nuestro-compromiso-renovado-con-la-atencion-a-la-dependencia\/#primaryimage"},"thumbnailUrl":"https:\/\/luracare.es\/wp-content\/uploads\/2023\/10\/LuraCare-Noticias-NuevaMarca-231016-1.jpg","datePublished":"2023-10-16T07:19:56+00:00","dateModified":"2024-06-18T07:50:44+00:00","description":"L\u00edders en odontologia residencial per a gent gran i les persones amb diversitat funcional. Contacta&#039;ns ara!","breadcrumb":{"@id":"https:\/\/luracare.es\/es_es\/2023\/10\/lura-care-nuestro-compromiso-renovado-con-la-atencion-a-la-dependencia\/#breadcrumb"},"inLanguage":"ca","potentialAction":[{"@type":"ReadAction","target":["https:\/\/luracare.es\/es_es\/2023\/10\/lura-care-nuestro-compromiso-renovado-con-la-atencion-a-la-dependencia\/"]}]},{"@type":"ImageObject","inLanguage":"ca","@id":"https:\/\/luracare.es\/es_es\/2023\/10\/lura-care-nuestro-compromiso-renovado-con-la-atencion-a-la-dependencia\/#primaryimage","url":"https:\/\/luracare.es\/wp-content\/uploads\/2023\/10\/LuraCare-Noticias-NuevaMarca-231016-1.jpg","contentUrl":"https:\/\/luracare.es\/wp-content\/uploads\/2023\/10\/LuraCare-Noticias-NuevaMarca-231016-1.jpg","width":1200,"height":600},{"@type":"BreadcrumbList","@id":"https:\/\/luracare.es\/es_es\/2023\/10\/lura-care-nuestro-compromiso-renovado-con-la-atencion-a-la-dependencia\/#breadcrumb","itemListElement":[{"@type":"ListItem","position":1,"name":"Portada","item":"https:\/\/luracare.es\/ca\/"},{"@type":"ListItem","position":2,"name":"Lura Care: nuestro compromiso renovado con la atenci\u00f3n a la dependencia"}]},{"@type":"WebSite","@id":"https:\/\/luracare.es\/ca\/#website","url":"https:\/\/luracare.es\/ca\/","name":"Lura Care - L&#039;assist\u00e8ncia domicili\u00e0ria que necessites","description":"L\u00edders en odontologia residencial per a gent gran i les persones amb diversitat funcional.","publisher":{"@id":"https:\/\/luracare.es\/ca\/#organization"},"alternateName":"Lura Care","potentialAction":[{"@type":"SearchAction","target":{"@type":"EntryPoint","urlTemplate":"https:\/\/luracare.es\/ca\/?s={search_term_string}"},"query-input":{"@type":"PropertyValueSpecification","valueRequired":true,"valueName":"search_term_string"}}],"inLanguage":"ca"},{"@type":"Organization","@id":"https:\/\/luracare.es\/ca\/#organization","name":"Lura Care","alternateName":"DENTAL RESIDENCY S.L.","url":"https:\/\/luracare.es\/ca\/","logo":{"@type":"ImageObject","inLanguage":"ca","@id":"https:\/\/luracare.es\/ca\/#\/schema\/logo\/image\/","url":"https:\/\/luracare.es\/wp-content\/uploads\/2023\/10\/Lura_Care_Bringing_Health_To-Your_Home_h1_claim.png","contentUrl":"https:\/\/luracare.es\/wp-content\/uploads\/2023\/10\/Lura_Care_Bringing_Health_To-Your_Home_h1_claim.png","width":3290,"height":943,"caption":"Lura Care"},"image":{"@id":"https:\/\/luracare.es\/ca\/#\/schema\/logo\/image\/"}},{"@type":"Person","@id":"https:\/\/luracare.es\/ca\/#\/schema\/person\/481791a2cec057d87c344bde8cbe83a7","name":"Ramon Prats","image":{"@type":"ImageObject","inLanguage":"ca","@id":"https:\/\/secure.gravatar.com\/avatar\/c626816712aa8911daa37bd8129f436f3b1b4c74d0ef5669f69af79994f3648d?s=96&d=wavatar&r=g","url":"https:\/\/secure.gravatar.com\/avatar\/c626816712aa8911daa37bd8129f436f3b1b4c74d0ef5669f69af79994f3648d?s=96&d=wavatar&r=g","contentUrl":"https:\/\/secure.gravatar.com\/avatar\/c626816712aa8911daa37bd8129f436f3b1b4c74d0ef5669f69af79994f3648d?s=96&d=wavatar&r=g","caption":"Ramon Prats"},"url":"https:\/\/luracare.es\/ca\/author\/rprats\/"}]}},"_links":{"self":[{"href":"https:\/\/luracare.es\/ca\/wp-json\/wp\/v2\/posts\/2462","targetHints":{"allow":["GET"]}}],"collection":[{"href":"https:\/\/luracare.es\/ca\/wp-json\/wp\/v2\/posts"}],"about":[{"href":"https:\/\/luracare.es\/ca\/wp-json\/wp\/v2\/types\/post"}],"author":[{"embeddable":true,"href":"https:\/\/luracare.es\/ca\/wp-json\/wp\/v2\/users\/3"}],"replies":[{"embeddable":true,"href":"https:\/\/luracare.es\/ca\/wp-json\/wp\/v2\/comments?post=2462"}],"version-history":[{"count":17,"href":"https:\/\/luracare.es\/ca\/wp-json\/wp\/v2\/posts\/2462\/revisions"}],"predecessor-version":[{"id":3786,"href":"https:\/\/luracare.es\/ca\/wp-json\/wp\/v2\/posts\/2462\/revisions\/3786"}],"wp:featuredmedia":[{"embeddable":true,"href":"https:\/\/luracare.es\/ca\/wp-json\/wp\/v2\/media\/2467"}],"wp:attachment":[{"href":"https:\/\/luracare.es\/ca\/wp-json\/wp\/v2\/media?parent=2462"}],"wp:term":[{"taxonomy":"category","embeddable":true,"href":"https:\/\/luracare.es\/ca\/wp-json\/wp\/v2\/categories?post=2462"},{"taxonomy":"post_tag","embeddable":true,"href":"https:\/\/luracare.es\/ca\/wp-json\/wp\/v2\/tags?post=2462"}],"curies":[{"name":"wp","href":"https:\/\/api.w.org\/{rel}","templated":true}]}}