{"id":3099,"date":"2024-01-08T15:24:22","date_gmt":"2024-01-08T15:24:22","guid":{"rendered":"https:\/\/luracare.es\/?p=3099"},"modified":"2024-06-18T07:49:09","modified_gmt":"2024-06-18T07:49:09","slug":"la-proteccion-de-nuestros-mayores-una-responsabilidad-compartida","status":"publish","type":"post","link":"https:\/\/luracare.es\/ca\/2024\/01\/la-proteccion-de-nuestros-mayores-una-responsabilidad-compartida\/","title":{"rendered":"La protecci\u00f3 dels nostres majors, una responsabilitat compartida"},"content":{"rendered":"<p><mark style=\"background-color:transparent\" class=\"has-inline-color has-primary-color\">08\/01\/2024<\/mark><\/p>\n\n\n\n<p>Al llarg de les darreres setmanes, la propagaci\u00f3 de les infeccions respirat\u00f2ries d&#039;origen v\u00edric ha estat un dels temes principals que han centrat l&#039;actualitat social i pol\u00edtica. L&#039;arribada del fred hivernal en un context d&#039;abandonament generalitzat de les mesures de protecci\u00f3 anteriors, unida a la conflu\u00e8ncia de virus com la Covid, la grip i el virus respiratori sincitial, han propiciat un important increment de les malalties respirat\u00f2ries que estan tensionant alarmantment la capacitat de resposta del nostre sistema sanitari.<\/p>\n\n\n\n<p>Davant d&#039;aquesta situaci\u00f3, diverses administracions regionals com les de Catalunya, la Comunitat Valenciana o M\u00farcia han decretat la presa de mesures de protecci\u00f3 com l&#039;\u00fas obligatori de m\u00e0scares a l&#039;hora d&#039;acudir als centres sanitaris. Mesures que el Ministeri de Sanitat ha sol\u00b7licitat prendre a la resta d&#039;autonomies, tant a centres sanitaris com a hospitals i centres d&#039;atenci\u00f3 prim\u00e0ria, com a centres sociosanitaris, de forma transit\u00f2ria i amb car\u00e0cter excepcional mentre duri el pic epid\u00e8mic, si b\u00e9 no s&#039;ha assolit de moment un acord general sobre aix\u00f2.<\/p>\n\n\n\n<p>Per\u00f2 si b\u00e9 aplaudim l&#039;impuls de mesures per part de les administracions per frenar aquests virus, a <a href=\"https:\/\/luracare.es\/ca\/\" target=\"_blank\" rel=\"noreferrer noopener\">Lura Care<\/a> creiem que \u00e9s una q\u00fcesti\u00f3 de responsabilitat compartida. Per aquest motiu, hem implantat l&#039;\u00fas obligatori de mascaretes i gel hidroalcoh\u00f2lic per a tot l&#039;equip dels nostres centres a tot Espanya, tant pel personal assistencial que es despla\u00e7a fins a resid\u00e8ncies, centres de dia o domicilis particulars per atendre els nostres pacients com per els professionals d&#039;altres \u00e0rees que duen a terme la seva activitat als nostres centres de treball; tot aix\u00f2 amb lobjectiu de minimitzar qualsevol possibilitat de contagi.<\/p>\n\n\n\n<p>Tot l&#039;equip de <a href=\"https:\/\/luracare.es\/ca\/\" target=\"_blank\" rel=\"noreferrer noopener\">Lura Care<\/a> estem conven\u00e7uts que les persones que mantenim contacte amb col\u00b7lectius especialment vulnerables com el de la gent gran, en qu\u00e8 sovint trobem quadres d&#039;altres patologies pr\u00e8vies que podrien veure&#039;s agreujats per les complicacions derivades d&#039;aquest tipus de malalties respirat\u00f2ries, hem de ser proactius a la adopci\u00f3 de mesures de prevenci\u00f3. Perqu\u00e8 tota precauci\u00f3 \u00e9s poca per protegir la seva salut, i assegurar la continu\u00eftat dels serveis que els permetin seguir rebent l&#039;atenci\u00f3 sanit\u00e0ria que necessiten amb les m\u00e0ximes garanties possibles de seguretat.<\/p>\n\n\n\n<p><\/p>\n\n\n\n<p><\/p>","protected":false},"excerpt":{"rendered":"<p>08\/01\/2024 Al llarg de les darreres setmanes, la propagaci\u00f3 de les infeccions respirat\u00f2ries d&#039;origen v\u00edric ha estat un dels principals temes que han centrat l&#039;actualitat social i pol\u00edtica. L&#039;arribada del fred hivernal en un context d&#039;abandonament generalitzat de les mesures de protecci\u00f3 anteriors, unida a la conflu\u00e8ncia de virus\u2026 <a class=\"continue\" href=\"https:\/\/luracare.es\/ca\/2024\/01\/la-proteccion-de-nuestros-mayores-una-responsabilidad-compartida\/\">Continue Reading<span> La protecci\u00f3 dels nostres majors, una responsabilitat compartida<\/span><\/a><\/p>","protected":false},"author":3,"featured_media":3100,"comment_status":"open","ping_status":"open","sticky":false,"template":"","format":"standard","meta":{"_coblocks_attr":"","_coblocks_dimensions":"","_coblocks_responsive_height":"","_coblocks_accordion_ie_support":"","footnotes":""},"categories":[19],"tags":[26,34,142,30,29,145,143,24,25,27,28,141,33,31,44,32,41,144],"class_list":["post-3099","post","type-post","status-publish","format-standard","has-post-thumbnail","hentry","category-noticias","tag-audiologia","tag-centros-de-dia","tag-covid","tag-discapacidad","tag-diversidad-funcional","tag-enfermedades-respiratorias","tag-gripe","tag-lura-care","tag-odontologia","tag-optica","tag-personas-mayores","tag-prevencion","tag-residencias","tag-salud","tag-salud-bucodental","tag-servicio-domiciliario","tag-tercera-edad","tag-virus"],"yoast_head":"<!-- This site is optimized with the Yoast SEO plugin v27.5 - https:\/\/yoast.com\/product\/yoast-seo-wordpress\/ -->\n<title>La protecci\u00f3n de nuestros mayores, una responsabilidad compartida - Lura Care Espa\u00f1a<\/title>\n<meta name=\"description\" content=\"L\u00edderes en odontolog\u00eda residencial para la tercera edad y las personas con diversidad funcional. \u00a1Cont\u00e1ctanos ahora!\" \/>\n<meta name=\"robots\" content=\"index, follow, max-snippet:-1, max-image-preview:large, max-video-preview:-1\" \/>\n<link rel=\"canonical\" href=\"https:\/\/luracare.es\/ca\/2024\/01\/la-proteccion-de-nuestros-mayores-una-responsabilidad-compartida\/\" \/>\n<meta property=\"og:locale\" content=\"ca_ES\" \/>\n<meta property=\"og:type\" content=\"article\" \/>\n<meta property=\"og:title\" content=\"La protecci\u00f3n de nuestros mayores, una responsabilidad compartida - Lura Care Espa\u00f1a\" \/>\n<meta property=\"og:description\" content=\"L\u00edderes en odontolog\u00eda residencial para la tercera edad y las personas con diversidad funcional. \u00a1Cont\u00e1ctanos ahora!\" \/>\n<meta property=\"og:url\" content=\"https:\/\/luracare.es\/ca\/2024\/01\/la-proteccion-de-nuestros-mayores-una-responsabilidad-compartida\/\" \/>\n<meta property=\"og:site_name\" content=\"Lura Care Espa\u00f1a\" \/>\n<meta property=\"article:published_time\" content=\"2024-01-08T15:24:22+00:00\" \/>\n<meta property=\"article:modified_time\" content=\"2024-06-18T07:49:09+00:00\" \/>\n<meta property=\"og:image\" content=\"https:\/\/luracare.es\/wp-content\/uploads\/2024\/01\/LuraCare-ES-Noticias-Covid_medidas_proteccion-1200x600-1.jpg\" \/>\n\t<meta property=\"og:image:width\" content=\"1200\" \/>\n\t<meta property=\"og:image:height\" content=\"600\" \/>\n\t<meta property=\"og:image:type\" content=\"image\/jpeg\" \/>\n<meta name=\"author\" content=\"Ramon Prats\" \/>\n<meta name=\"twitter:card\" content=\"summary_large_image\" \/>\n<meta name=\"twitter:label1\" content=\"Escrit per\" \/>\n\t<meta name=\"twitter:data1\" content=\"Ramon Prats\" \/>\n\t<meta name=\"twitter:label2\" content=\"Temps estimat de lectura\" \/>\n\t<meta name=\"twitter:data2\" content=\"2 minuts\" \/>\n<script type=\"application\/ld+json\" class=\"yoast-schema-graph\">{\"@context\":\"https:\\\/\\\/schema.org\",\"@graph\":[{\"@type\":\"Article\",\"@id\":\"https:\\\/\\\/luracare.es\\\/es_es\\\/2024\\\/01\\\/la-proteccion-de-nuestros-mayores-una-responsabilidad-compartida\\\/#article\",\"isPartOf\":{\"@id\":\"https:\\\/\\\/luracare.es\\\/es_es\\\/2024\\\/01\\\/la-proteccion-de-nuestros-mayores-una-responsabilidad-compartida\\\/\"},\"author\":{\"name\":\"Ramon Prats\",\"@id\":\"https:\\\/\\\/luracare.es\\\/ca\\\/#\\\/schema\\\/person\\\/481791a2cec057d87c344bde8cbe83a7\"},\"headline\":\"La protecci\u00f3n de nuestros mayores, una responsabilidad compartida\",\"datePublished\":\"2024-01-08T15:24:22+00:00\",\"dateModified\":\"2024-06-18T07:49:09+00:00\",\"mainEntityOfPage\":{\"@id\":\"https:\\\/\\\/luracare.es\\\/es_es\\\/2024\\\/01\\\/la-proteccion-de-nuestros-mayores-una-responsabilidad-compartida\\\/\"},\"wordCount\":408,\"commentCount\":0,\"publisher\":{\"@id\":\"https:\\\/\\\/luracare.es\\\/ca\\\/#organization\"},\"image\":{\"@id\":\"https:\\\/\\\/luracare.es\\\/es_es\\\/2024\\\/01\\\/la-proteccion-de-nuestros-mayores-una-responsabilidad-compartida\\\/#primaryimage\"},\"thumbnailUrl\":\"https:\\\/\\\/luracare.es\\\/wp-content\\\/uploads\\\/2024\\\/01\\\/LuraCare-ES-Noticias-Covid_medidas_proteccion-1200x600-1.jpg\",\"keywords\":[\"audiolog\u00eda\",\"centros de d\u00eda\",\"Covid\",\"discapacidad\",\"diversidad funcional\",\"enfermedades respiratorias\",\"gripe\",\"Lura Care\",\"odontolog\u00eda\",\"\u00f3ptica\",\"personas mayores\",\"prevenci\u00f3n\",\"residencias\",\"salud\",\"salud bucodental\",\"servicio domiciliario\",\"tercera edad\",\"virus\"],\"articleSection\":[\"Noticias\"],\"inLanguage\":\"ca\",\"potentialAction\":[{\"@type\":\"CommentAction\",\"name\":\"Comment\",\"target\":[\"https:\\\/\\\/luracare.es\\\/es_es\\\/2024\\\/01\\\/la-proteccion-de-nuestros-mayores-una-responsabilidad-compartida\\\/#respond\"]}]},{\"@type\":\"WebPage\",\"@id\":\"https:\\\/\\\/luracare.es\\\/es_es\\\/2024\\\/01\\\/la-proteccion-de-nuestros-mayores-una-responsabilidad-compartida\\\/\",\"url\":\"https:\\\/\\\/luracare.es\\\/es_es\\\/2024\\\/01\\\/la-proteccion-de-nuestros-mayores-una-responsabilidad-compartida\\\/\",\"name\":\"La protecci\u00f3n de nuestros mayores, una responsabilidad compartida - Lura Care Espa\u00f1a\",\"isPartOf\":{\"@id\":\"https:\\\/\\\/luracare.es\\\/ca\\\/#website\"},\"primaryImageOfPage\":{\"@id\":\"https:\\\/\\\/luracare.es\\\/es_es\\\/2024\\\/01\\\/la-proteccion-de-nuestros-mayores-una-responsabilidad-compartida\\\/#primaryimage\"},\"image\":{\"@id\":\"https:\\\/\\\/luracare.es\\\/es_es\\\/2024\\\/01\\\/la-proteccion-de-nuestros-mayores-una-responsabilidad-compartida\\\/#primaryimage\"},\"thumbnailUrl\":\"https:\\\/\\\/luracare.es\\\/wp-content\\\/uploads\\\/2024\\\/01\\\/LuraCare-ES-Noticias-Covid_medidas_proteccion-1200x600-1.jpg\",\"datePublished\":\"2024-01-08T15:24:22+00:00\",\"dateModified\":\"2024-06-18T07:49:09+00:00\",\"description\":\"L\u00edderes en odontolog\u00eda residencial para la tercera edad y las personas con diversidad funcional. \u00a1Cont\u00e1ctanos ahora!\",\"breadcrumb\":{\"@id\":\"https:\\\/\\\/luracare.es\\\/es_es\\\/2024\\\/01\\\/la-proteccion-de-nuestros-mayores-una-responsabilidad-compartida\\\/#breadcrumb\"},\"inLanguage\":\"ca\",\"potentialAction\":[{\"@type\":\"ReadAction\",\"target\":[\"https:\\\/\\\/luracare.es\\\/es_es\\\/2024\\\/01\\\/la-proteccion-de-nuestros-mayores-una-responsabilidad-compartida\\\/\"]}]},{\"@type\":\"ImageObject\",\"inLanguage\":\"ca\",\"@id\":\"https:\\\/\\\/luracare.es\\\/es_es\\\/2024\\\/01\\\/la-proteccion-de-nuestros-mayores-una-responsabilidad-compartida\\\/#primaryimage\",\"url\":\"https:\\\/\\\/luracare.es\\\/wp-content\\\/uploads\\\/2024\\\/01\\\/LuraCare-ES-Noticias-Covid_medidas_proteccion-1200x600-1.jpg\",\"contentUrl\":\"https:\\\/\\\/luracare.es\\\/wp-content\\\/uploads\\\/2024\\\/01\\\/LuraCare-ES-Noticias-Covid_medidas_proteccion-1200x600-1.jpg\",\"width\":1200,\"height\":600,\"caption\":\"Foto oficina\"},{\"@type\":\"BreadcrumbList\",\"@id\":\"https:\\\/\\\/luracare.es\\\/es_es\\\/2024\\\/01\\\/la-proteccion-de-nuestros-mayores-una-responsabilidad-compartida\\\/#breadcrumb\",\"itemListElement\":[{\"@type\":\"ListItem\",\"position\":1,\"name\":\"Portada\",\"item\":\"https:\\\/\\\/luracare.es\\\/ca\\\/\"},{\"@type\":\"ListItem\",\"position\":2,\"name\":\"La protecci\u00f3n de nuestros mayores, una responsabilidad compartida\"}]},{\"@type\":\"WebSite\",\"@id\":\"https:\\\/\\\/luracare.es\\\/ca\\\/#website\",\"url\":\"https:\\\/\\\/luracare.es\\\/ca\\\/\",\"name\":\"Lura Care - La asistencia domiciliaria que necesitas\",\"description\":\"L\u00edderes en odontolog\u00eda residencial para la tercera edad y las personas con diversidad funcional.\",\"publisher\":{\"@id\":\"https:\\\/\\\/luracare.es\\\/ca\\\/#organization\"},\"alternateName\":\"Lura Care\",\"potentialAction\":[{\"@type\":\"SearchAction\",\"target\":{\"@type\":\"EntryPoint\",\"urlTemplate\":\"https:\\\/\\\/luracare.es\\\/ca\\\/?s={search_term_string}\"},\"query-input\":{\"@type\":\"PropertyValueSpecification\",\"valueRequired\":true,\"valueName\":\"search_term_string\"}}],\"inLanguage\":\"ca\"},{\"@type\":\"Organization\",\"@id\":\"https:\\\/\\\/luracare.es\\\/ca\\\/#organization\",\"name\":\"Lura Care\",\"alternateName\":\"DENTAL RESIDENCY S.L.\",\"url\":\"https:\\\/\\\/luracare.es\\\/ca\\\/\",\"logo\":{\"@type\":\"ImageObject\",\"inLanguage\":\"ca\",\"@id\":\"https:\\\/\\\/luracare.es\\\/ca\\\/#\\\/schema\\\/logo\\\/image\\\/\",\"url\":\"https:\\\/\\\/luracare.es\\\/wp-content\\\/uploads\\\/2023\\\/10\\\/Lura_Care_Bringing_Health_To-Your_Home_h1_claim.png\",\"contentUrl\":\"https:\\\/\\\/luracare.es\\\/wp-content\\\/uploads\\\/2023\\\/10\\\/Lura_Care_Bringing_Health_To-Your_Home_h1_claim.png\",\"width\":3290,\"height\":943,\"caption\":\"Lura Care\"},\"image\":{\"@id\":\"https:\\\/\\\/luracare.es\\\/ca\\\/#\\\/schema\\\/logo\\\/image\\\/\"}},{\"@type\":\"Person\",\"@id\":\"https:\\\/\\\/luracare.es\\\/ca\\\/#\\\/schema\\\/person\\\/481791a2cec057d87c344bde8cbe83a7\",\"name\":\"Ramon Prats\",\"image\":{\"@type\":\"ImageObject\",\"inLanguage\":\"ca\",\"@id\":\"https:\\\/\\\/secure.gravatar.com\\\/avatar\\\/c626816712aa8911daa37bd8129f436f3b1b4c74d0ef5669f69af79994f3648d?s=96&d=wavatar&r=g\",\"url\":\"https:\\\/\\\/secure.gravatar.com\\\/avatar\\\/c626816712aa8911daa37bd8129f436f3b1b4c74d0ef5669f69af79994f3648d?s=96&d=wavatar&r=g\",\"contentUrl\":\"https:\\\/\\\/secure.gravatar.com\\\/avatar\\\/c626816712aa8911daa37bd8129f436f3b1b4c74d0ef5669f69af79994f3648d?s=96&d=wavatar&r=g\",\"caption\":\"Ramon Prats\"},\"url\":\"https:\\\/\\\/luracare.es\\\/ca\\\/author\\\/rprats\\\/\"}]}<\/script>\n<!-- \/ Yoast SEO plugin. -->","yoast_head_json":{"title":"La protecci\u00f3 dels nostres majors, una responsabilitat compartida - Lura Care Espa\u00f1a","description":"L\u00edders en odontologia residencial per a gent gran i les persones amb diversitat funcional. Contacta&#039;ns ara!","robots":{"index":"index","follow":"follow","max-snippet":"max-snippet:-1","max-image-preview":"max-image-preview:large","max-video-preview":"max-video-preview:-1"},"canonical":"https:\/\/luracare.es\/ca\/2024\/01\/la-proteccion-de-nuestros-mayores-una-responsabilidad-compartida\/","og_locale":"ca_ES","og_type":"article","og_title":"La protecci\u00f3n de nuestros mayores, una responsabilidad compartida - Lura Care Espa\u00f1a","og_description":"L\u00edderes en odontolog\u00eda residencial para la tercera edad y las personas con diversidad funcional. \u00a1Cont\u00e1ctanos ahora!","og_url":"https:\/\/luracare.es\/ca\/2024\/01\/la-proteccion-de-nuestros-mayores-una-responsabilidad-compartida\/","og_site_name":"Lura Care Espa\u00f1a","article_published_time":"2024-01-08T15:24:22+00:00","article_modified_time":"2024-06-18T07:49:09+00:00","og_image":[{"width":1200,"height":600,"url":"https:\/\/luracare.es\/wp-content\/uploads\/2024\/01\/LuraCare-ES-Noticias-Covid_medidas_proteccion-1200x600-1.jpg","type":"image\/jpeg"}],"author":"Ramon Prats","twitter_card":"summary_large_image","twitter_misc":{"Escrit per":"Ramon Prats","Temps estimat de lectura":"2 minuts"},"schema":{"@context":"https:\/\/schema.org","@graph":[{"@type":"Article","@id":"https:\/\/luracare.es\/es_es\/2024\/01\/la-proteccion-de-nuestros-mayores-una-responsabilidad-compartida\/#article","isPartOf":{"@id":"https:\/\/luracare.es\/es_es\/2024\/01\/la-proteccion-de-nuestros-mayores-una-responsabilidad-compartida\/"},"author":{"name":"Ramon Prats","@id":"https:\/\/luracare.es\/ca\/#\/schema\/person\/481791a2cec057d87c344bde8cbe83a7"},"headline":"La protecci\u00f3n de nuestros mayores, una responsabilidad compartida","datePublished":"2024-01-08T15:24:22+00:00","dateModified":"2024-06-18T07:49:09+00:00","mainEntityOfPage":{"@id":"https:\/\/luracare.es\/es_es\/2024\/01\/la-proteccion-de-nuestros-mayores-una-responsabilidad-compartida\/"},"wordCount":408,"commentCount":0,"publisher":{"@id":"https:\/\/luracare.es\/ca\/#organization"},"image":{"@id":"https:\/\/luracare.es\/es_es\/2024\/01\/la-proteccion-de-nuestros-mayores-una-responsabilidad-compartida\/#primaryimage"},"thumbnailUrl":"https:\/\/luracare.es\/wp-content\/uploads\/2024\/01\/LuraCare-ES-Noticias-Covid_medidas_proteccion-1200x600-1.jpg","keywords":["audiolog\u00eda","centros de d\u00eda","Covid","discapacidad","diversidad funcional","enfermedades respiratorias","gripe","Lura Care","odontolog\u00eda","\u00f3ptica","personas mayores","prevenci\u00f3n","residencias","salud","salud bucodental","servicio domiciliario","tercera edad","virus"],"articleSection":["Noticias"],"inLanguage":"ca","potentialAction":[{"@type":"CommentAction","name":"Comment","target":["https:\/\/luracare.es\/es_es\/2024\/01\/la-proteccion-de-nuestros-mayores-una-responsabilidad-compartida\/#respond"]}]},{"@type":"WebPage","@id":"https:\/\/luracare.es\/es_es\/2024\/01\/la-proteccion-de-nuestros-mayores-una-responsabilidad-compartida\/","url":"https:\/\/luracare.es\/es_es\/2024\/01\/la-proteccion-de-nuestros-mayores-una-responsabilidad-compartida\/","name":"La protecci\u00f3 dels nostres majors, una responsabilitat compartida - Lura Care Espa\u00f1a","isPartOf":{"@id":"https:\/\/luracare.es\/ca\/#website"},"primaryImageOfPage":{"@id":"https:\/\/luracare.es\/es_es\/2024\/01\/la-proteccion-de-nuestros-mayores-una-responsabilidad-compartida\/#primaryimage"},"image":{"@id":"https:\/\/luracare.es\/es_es\/2024\/01\/la-proteccion-de-nuestros-mayores-una-responsabilidad-compartida\/#primaryimage"},"thumbnailUrl":"https:\/\/luracare.es\/wp-content\/uploads\/2024\/01\/LuraCare-ES-Noticias-Covid_medidas_proteccion-1200x600-1.jpg","datePublished":"2024-01-08T15:24:22+00:00","dateModified":"2024-06-18T07:49:09+00:00","description":"L\u00edders en odontologia residencial per a gent gran i les persones amb diversitat funcional. Contacta&#039;ns ara!","breadcrumb":{"@id":"https:\/\/luracare.es\/es_es\/2024\/01\/la-proteccion-de-nuestros-mayores-una-responsabilidad-compartida\/#breadcrumb"},"inLanguage":"ca","potentialAction":[{"@type":"ReadAction","target":["https:\/\/luracare.es\/es_es\/2024\/01\/la-proteccion-de-nuestros-mayores-una-responsabilidad-compartida\/"]}]},{"@type":"ImageObject","inLanguage":"ca","@id":"https:\/\/luracare.es\/es_es\/2024\/01\/la-proteccion-de-nuestros-mayores-una-responsabilidad-compartida\/#primaryimage","url":"https:\/\/luracare.es\/wp-content\/uploads\/2024\/01\/LuraCare-ES-Noticias-Covid_medidas_proteccion-1200x600-1.jpg","contentUrl":"https:\/\/luracare.es\/wp-content\/uploads\/2024\/01\/LuraCare-ES-Noticias-Covid_medidas_proteccion-1200x600-1.jpg","width":1200,"height":600,"caption":"Foto oficina"},{"@type":"BreadcrumbList","@id":"https:\/\/luracare.es\/es_es\/2024\/01\/la-proteccion-de-nuestros-mayores-una-responsabilidad-compartida\/#breadcrumb","itemListElement":[{"@type":"ListItem","position":1,"name":"Portada","item":"https:\/\/luracare.es\/ca\/"},{"@type":"ListItem","position":2,"name":"La protecci\u00f3n de nuestros mayores, una responsabilidad compartida"}]},{"@type":"WebSite","@id":"https:\/\/luracare.es\/ca\/#website","url":"https:\/\/luracare.es\/ca\/","name":"Lura Care - L&#039;assist\u00e8ncia domicili\u00e0ria que necessites","description":"L\u00edders en odontologia residencial per a gent gran i les persones amb diversitat funcional.","publisher":{"@id":"https:\/\/luracare.es\/ca\/#organization"},"alternateName":"Lura Care","potentialAction":[{"@type":"SearchAction","target":{"@type":"EntryPoint","urlTemplate":"https:\/\/luracare.es\/ca\/?s={search_term_string}"},"query-input":{"@type":"PropertyValueSpecification","valueRequired":true,"valueName":"search_term_string"}}],"inLanguage":"ca"},{"@type":"Organization","@id":"https:\/\/luracare.es\/ca\/#organization","name":"Lura Care","alternateName":"DENTAL RESIDENCY S.L.","url":"https:\/\/luracare.es\/ca\/","logo":{"@type":"ImageObject","inLanguage":"ca","@id":"https:\/\/luracare.es\/ca\/#\/schema\/logo\/image\/","url":"https:\/\/luracare.es\/wp-content\/uploads\/2023\/10\/Lura_Care_Bringing_Health_To-Your_Home_h1_claim.png","contentUrl":"https:\/\/luracare.es\/wp-content\/uploads\/2023\/10\/Lura_Care_Bringing_Health_To-Your_Home_h1_claim.png","width":3290,"height":943,"caption":"Lura Care"},"image":{"@id":"https:\/\/luracare.es\/ca\/#\/schema\/logo\/image\/"}},{"@type":"Person","@id":"https:\/\/luracare.es\/ca\/#\/schema\/person\/481791a2cec057d87c344bde8cbe83a7","name":"Ramon Prats","image":{"@type":"ImageObject","inLanguage":"ca","@id":"https:\/\/secure.gravatar.com\/avatar\/c626816712aa8911daa37bd8129f436f3b1b4c74d0ef5669f69af79994f3648d?s=96&d=wavatar&r=g","url":"https:\/\/secure.gravatar.com\/avatar\/c626816712aa8911daa37bd8129f436f3b1b4c74d0ef5669f69af79994f3648d?s=96&d=wavatar&r=g","contentUrl":"https:\/\/secure.gravatar.com\/avatar\/c626816712aa8911daa37bd8129f436f3b1b4c74d0ef5669f69af79994f3648d?s=96&d=wavatar&r=g","caption":"Ramon Prats"},"url":"https:\/\/luracare.es\/ca\/author\/rprats\/"}]}},"_links":{"self":[{"href":"https:\/\/luracare.es\/ca\/wp-json\/wp\/v2\/posts\/3099","targetHints":{"allow":["GET"]}}],"collection":[{"href":"https:\/\/luracare.es\/ca\/wp-json\/wp\/v2\/posts"}],"about":[{"href":"https:\/\/luracare.es\/ca\/wp-json\/wp\/v2\/types\/post"}],"author":[{"embeddable":true,"href":"https:\/\/luracare.es\/ca\/wp-json\/wp\/v2\/users\/3"}],"replies":[{"embeddable":true,"href":"https:\/\/luracare.es\/ca\/wp-json\/wp\/v2\/comments?post=3099"}],"version-history":[{"count":3,"href":"https:\/\/luracare.es\/ca\/wp-json\/wp\/v2\/posts\/3099\/revisions"}],"predecessor-version":[{"id":3781,"href":"https:\/\/luracare.es\/ca\/wp-json\/wp\/v2\/posts\/3099\/revisions\/3781"}],"wp:featuredmedia":[{"embeddable":true,"href":"https:\/\/luracare.es\/ca\/wp-json\/wp\/v2\/media\/3100"}],"wp:attachment":[{"href":"https:\/\/luracare.es\/ca\/wp-json\/wp\/v2\/media?parent=3099"}],"wp:term":[{"taxonomy":"category","embeddable":true,"href":"https:\/\/luracare.es\/ca\/wp-json\/wp\/v2\/categories?post=3099"},{"taxonomy":"post_tag","embeddable":true,"href":"https:\/\/luracare.es\/ca\/wp-json\/wp\/v2\/tags?post=3099"}],"curies":[{"name":"wp","href":"https:\/\/api.w.org\/{rel}","templated":true}]}}