{"id":3352,"date":"2024-04-04T07:41:05","date_gmt":"2024-04-04T07:41:05","guid":{"rendered":"https:\/\/luracare.es\/?p=3352"},"modified":"2025-04-15T07:56:20","modified_gmt":"2025-04-15T07:56:20","slug":"como-afecta-la-primavera-a-nuestra-salud-bucodental","status":"publish","type":"post","link":"https:\/\/luracare.es\/ca\/2024\/04\/como-afecta-la-primavera-a-nuestra-salud-bucodental\/","title":{"rendered":"Com afecta l&#039;arribada de la primavera a la nostra salut bucodental?"},"content":{"rendered":"<h6 class=\"wp-block-heading has-primary-color has-text-color has-link-color wp-elements-c5367d7aea54ac280fb178686aaa2a07\">Si b\u00e9 l&#039;arribada de la primavera generalment t\u00e9 connotacions positives per a la majoria de les persones, per a altres pot suposar l&#039;inici de trastorns condicionar la salut, el benestar i l&#039;estat d&#039;\u00e0nim. I encara m\u00e9s en el cas de la gent gran, que sovint presenten quadres d&#039;altres patologies que es poden veure afectades per aquesta simptomatologia.<\/h6>\n\n\n\n<div style=\"height:20px\" aria-hidden=\"true\" class=\"wp-block-spacer\"><\/div>\n\n\n\n<p><\/p>\n\n\n\n<p>Per a moltes persones, <strong>l&#039;arribada de la primavera t\u00e9 connotacions positives<\/strong>. L&#039;increment de les hores de llum i l&#039;augment de les temperatures propicien ajustaments a nivell metab\u00f2lic, entre els quals cal esmentar un increment de la segregaci\u00f3 de feromones, oxitocina, dopamina i noradrenalina.<\/p>\n\n\n\n<p>Aquests canvis solen veure&#039;s reflectits en la denominada <strong>euf\u00f2ria primaveral<\/strong>, caracteritzada per un cert nivell d&#039;hiperactivitat, un nivell d&#039;energia m\u00e9s alt i una millora general del nostre estat d&#039;\u00e0nim.<\/p>\n\n\n\n<p>Per\u00f2, qu\u00e8 passa quan aquests canvis afecten de manera negativa la nostra salut i benestar? L&#039;efecte contrari a aquest increment de l&#039;activitat \u00e9s la denominada <strong>ast\u00e8nia primaveral<\/strong>, un trastorn adaptatiu associat a aquests canvis i d&#039;intensitat variable.<\/p>\n\n\n\n<p>Els seus principals s\u00edmptomes s\u00f3n la <strong>apatia o disminuci\u00f3 de la motivaci\u00f3<\/strong>, la sensaci\u00f3 de <strong>cansament generalitzat<\/strong>, l&#039;aparici\u00f3 de <strong>dificultats en la concentraci\u00f3<\/strong>, les <strong>alteracions del somni<\/strong> i la dificultat per conciliar-ho, els episodis de <strong>ansietat i irritabilitat<\/strong>, la <strong>disminuci\u00f3 de la gana<\/strong>, o l&#039;aparici\u00f3 de <strong>mals de cap<\/strong>.<\/p>\n\n\n\n<p>Freq\u00fcentment, aquestes alteracions poden desembocar a <strong>trastorns digestius<\/strong>, que alhora poden ocasionar <strong>problemes dentals<\/strong> i afavorir l&#039;aparici\u00f3 de <strong>aftes a la cavitat bucal<\/strong>. I no podem obviar les conseq\u00fc\u00e8ncies que poden tenir sobre el nostre <strong>somni i descans<\/strong>, que s\u00f3n fonamentals per mantenir una <strong>adequada resposta immunit\u00e0ria<\/strong> que resulta clau davant de trastorns com la <a href=\"https:\/\/medlineplus.gov\/spanish\/ency\/article\/001059.htm\" target=\"_blank\" rel=\"noreferrer noopener\">periodontitis<\/a> o malaltia de les genives.<\/p>\n\n\n\n<h5 class=\"wp-block-heading has-primary-color has-text-color has-link-color wp-elements-d3f0a305ee3cc85c2dc595e76af4524e\">Al\u00b7l\u00e8rgies i la seva relaci\u00f3 amb la salut oral<\/h5>\n\n\n\n<p>Hem de tenir en compte tamb\u00e9 que durant la primavera s\u00f3n habituals les <strong>al\u00b7l\u00e8rgies<\/strong>, propiciades per una resposta immunit\u00e0ria excessiva davant de determinades subst\u00e0ncies, principalment d&#039;origen ambiental, com el pol\u00b7len o les part\u00edcules de terra presents a l&#039;aire. Aquests elements provoquen en les persones al\u00b7l\u00e8rgiques la segregaci\u00f3 de <strong>histamina<\/strong>, un potent vasodilatador que t\u00e9 com a funci\u00f3 combatre l&#039;acci\u00f3 d&#039;aquests al\u00b7l\u00e8rgens.<\/p>\n\n\n\n<p>Tot i aix\u00f2, la segregaci\u00f3 d&#039;histamina t\u00e9 com a conseq\u00fc\u00e8ncia l&#039;aparici\u00f3 de s\u00edmptomes que poden resultar molt molestos. Entre ells destaquen la <strong>sinusitis<\/strong>, caracteritzada per la generaci\u00f3 excessiva de moc que tendeix a acumular-se al front i els pits paranasals, la <strong>sequedat bucal i picor de gola<\/strong> que es deriva de l&#039;increment de la respiraci\u00f3 per la boca a causa de la dificultat de poder fer-ho pel nas, i l&#039;aparici\u00f3 associada de <strong>tos seca i esternuts<\/strong>.<\/p>\n\n\n\n<p>A m\u00e9s, hem de tenir present que molts dels <strong>medicaments antihistam\u00ednics<\/strong> que solen receptar-se als pacients al\u00b7l\u00e8rgics solen afavorir la sequedat bucal i de coll, per la qual cosa poden exacerbar aquesta simptomatologia. Aquesta acumulaci\u00f3 de moc, la tos seca i els esternuts propicien un <strong>increment de la tensi\u00f3 a la musculatura de la mand\u00edbula i els queixals<\/strong>, especialment a les del darrere, que pot ser motiu de l&#039;aparici\u00f3 de <strong>dolors dentals i de cap<\/strong>.<\/p>\n\n\n\n<p>Com veiem, l&#039;arribada de la primavera pot tenir un impacte important en la salut, el benestar i l&#039;estat d&#039;\u00e0nim, i m\u00e9s encara en el cas de la gent gran, que sovint presenten quadres d&#039;altres patologies que es poden veure afectades per aquesta simptomatologia. La pregunta que se&#039;ns planteja per tant \u00e9s, qu\u00e8 hi podem fer?<\/p>\n\n\n\n<h5 class=\"wp-block-heading has-primary-color has-text-color has-link-color wp-elements-af51d127e1a864842ed05e97c4d09b1c\">Alimentaci\u00f3 i higiene oral, aspectes clau <\/h5>\n\n\n\n<p>Des de <a href=\"https:\/\/luracare.es\/ca\/\" target=\"_blank\" rel=\"noreferrer noopener\">Lura Care<\/a> volem recordar que un aspecte fonamental \u00e9s la <strong>adequada alimentaci\u00f3 i hidrataci\u00f3<\/strong> que, si b\u00e9 ja ho \u00e9s per norma general, adquireix encara m\u00e9s rellev\u00e0ncia durant aquests estats. Hem d&#039;assegurar-ne una suficient<strong> ingesta d&#039;aigua d&#039;almenys 2 litres al dia<\/strong>, i promoure una <strong>dieta rica en vitamines, fibra i prote\u00efnes<\/strong>.<\/p>\n\n\n\n<p>Aquest tipus de dieta contribueix al funcionament correcte del sistema nervi\u00f3s ia estimular la producci\u00f3 de neurotransmissors reguladors de les emocions. Idealment aquesta ingesta es pot distribuir al llarg de <strong>5 \u00e0pats al dia<\/strong>, intentant mantenir uns horaris regulars, i evitant que siguin excessivament copioses per evitar les digestions pesades.<\/p>\n\n\n\n<p>I naturalment, no podem deixar d&#039;esmentar la import\u00e0ncia de mantenir-ne una <strong>\u00f2ptima higiene bucodental<\/strong>. No podem permetre que el malestar associat a aquests estats serveixi d&#039;excusa per descuidar-la, sin\u00f3 que cal promoure m\u00e9s els nostres h\u00e0bits d&#039;higiene oral. La finalitat \u00e9s <strong>evitar l&#039;aparici\u00f3 d&#039;altres trastorns o mol\u00e8sties<\/strong> que puguin empitjorar aquest malestar, com ara dolor dental que pugui contribuir a una major irritabilitat o interferir amb el descans nocturn.<\/p>\n\n\n\n<p>Per aquest motiu, mantenir el <strong>raspallat de les dents tres vegades al dia<\/strong> i el <strong>\u00fas de fil dental<\/strong> per eliminar la brut\u00edcia i les restes de menjar s\u00f3n molt importants. I resulta molt recomanable el <strong>\u00fas d&#039;esbandidas bucals <\/strong>despr\u00e9s del raspallat, que ens ajudaran a mantenir neta tant la nostra boca, com la nostra gola si fem g\u00e0rgares, i que ens ajudaran a m\u00e9s a mitigar s\u00edmptomes com la sequedat bucal i la picor de gola.<\/p>\n\n\n\n<div style=\"height:50px\" aria-hidden=\"true\" class=\"wp-block-spacer\"><\/div>\n\n\n\n<p><\/p>","protected":false},"excerpt":{"rendered":"<p>Si b\u00e9 l&#039;arribada de la primavera generalment t\u00e9 connotacions positives per a la majoria de les persones, per a altres pot suposar l&#039;inici de trastorns condicionar la salut, el benestar i l&#039;estat d&#039;\u00e0nim. I encara m\u00e9s en el cas de la gent gran, que sovint presenten quadres d&#039;altres patologies que es poden veure afectades per aquesta simptomatologia. <a class=\"continue\" href=\"https:\/\/luracare.es\/ca\/2024\/04\/como-afecta-la-primavera-a-nuestra-salud-bucodental\/\">Continue Reading<span> Com afecta l&#039;arribada de la primavera a la nostra salut bucodental?<\/span><\/a><\/p>","protected":false},"author":3,"featured_media":3353,"comment_status":"closed","ping_status":"open","sticky":false,"template":"","format":"standard","meta":{"_coblocks_attr":"","_coblocks_dimensions":"","_coblocks_responsive_height":"","_coblocks_accordion_ie_support":"","footnotes":""},"categories":[18],"tags":[179,176,175,170,180,149,25,28,177,44,53,178,41],"class_list":["post-3352","post","type-post","status-publish","format-standard","has-post-thumbnail","hentry","category-articulos","tag-aftas","tag-alergias","tag-astenia","tag-hidratacion","tag-higiene-oral","tag-nutricion","tag-odontologia","tag-personas-mayores","tag-primavera","tag-salud-bucodental","tag-sequedad-bucal","tag-sinusitis","tag-tercera-edad"],"yoast_head":"<!-- This site is optimized with the Yoast SEO plugin v27.5 - https:\/\/yoast.com\/product\/yoast-seo-wordpress\/ -->\n<title>\u00bfC\u00f3mo afecta la llegada de la primavera a nuestra salud bucodental? - Lura Care Espa\u00f1a<\/title>\n<meta name=\"description\" content=\"Si bien la llegada de la primavera tiene generalmente connotaciones positivas para la mayor\u00eda de las personas, para otras puede suponer el inicio de trastornos condicionen la salud, el bienestar y el estado de \u00e1nimo.\" \/>\n<meta name=\"robots\" content=\"index, follow, max-snippet:-1, max-image-preview:large, max-video-preview:-1\" \/>\n<link rel=\"canonical\" href=\"https:\/\/luracare.es\/ca\/2024\/04\/como-afecta-la-primavera-a-nuestra-salud-bucodental\/\" \/>\n<meta property=\"og:locale\" content=\"ca_ES\" \/>\n<meta property=\"og:type\" content=\"article\" \/>\n<meta property=\"og:title\" content=\"\u00bfC\u00f3mo afecta la llegada de la primavera a nuestra salud bucodental? - Lura Care Espa\u00f1a\" \/>\n<meta property=\"og:description\" content=\"Si bien la llegada de la primavera tiene generalmente connotaciones positivas para la mayor\u00eda de las personas, para otras puede suponer el inicio de trastornos condicionen la salud, el bienestar y el estado de \u00e1nimo.\" \/>\n<meta property=\"og:url\" content=\"https:\/\/luracare.es\/ca\/2024\/04\/como-afecta-la-primavera-a-nuestra-salud-bucodental\/\" \/>\n<meta property=\"og:site_name\" content=\"Lura Care Espa\u00f1a\" \/>\n<meta property=\"article:published_time\" content=\"2024-04-04T07:41:05+00:00\" \/>\n<meta property=\"article:modified_time\" content=\"2025-04-15T07:56:20+00:00\" \/>\n<meta property=\"og:image\" content=\"https:\/\/luracare.es\/wp-content\/uploads\/2024\/04\/LuraCare-ES-Articulos-Astenia_primaveral-1200x600-1.jpg\" \/>\n\t<meta property=\"og:image:width\" content=\"1200\" \/>\n\t<meta property=\"og:image:height\" content=\"600\" \/>\n\t<meta property=\"og:image:type\" content=\"image\/jpeg\" \/>\n<meta name=\"author\" content=\"Ramon Prats\" \/>\n<meta name=\"twitter:card\" content=\"summary_large_image\" \/>\n<meta name=\"twitter:label1\" content=\"Escrit per\" \/>\n\t<meta name=\"twitter:data1\" content=\"Ramon Prats\" \/>\n\t<meta name=\"twitter:label2\" content=\"Temps estimat de lectura\" \/>\n\t<meta name=\"twitter:data2\" content=\"5 minuts\" \/>\n<script type=\"application\/ld+json\" class=\"yoast-schema-graph\">{\"@context\":\"https:\\\/\\\/schema.org\",\"@graph\":[{\"@type\":\"Article\",\"@id\":\"https:\\\/\\\/luracare.es\\\/ca\\\/2024\\\/04\\\/como-afecta-la-primavera-a-nuestra-salud-bucodental\\\/#article\",\"isPartOf\":{\"@id\":\"https:\\\/\\\/luracare.es\\\/ca\\\/2024\\\/04\\\/como-afecta-la-primavera-a-nuestra-salud-bucodental\\\/\"},\"author\":{\"name\":\"Ramon Prats\",\"@id\":\"https:\\\/\\\/luracare.es\\\/ca\\\/#\\\/schema\\\/person\\\/481791a2cec057d87c344bde8cbe83a7\"},\"headline\":\"\u00bfC\u00f3mo afecta la llegada de la primavera a nuestra salud bucodental?\",\"datePublished\":\"2024-04-04T07:41:05+00:00\",\"dateModified\":\"2025-04-15T07:56:20+00:00\",\"mainEntityOfPage\":{\"@id\":\"https:\\\/\\\/luracare.es\\\/ca\\\/2024\\\/04\\\/como-afecta-la-primavera-a-nuestra-salud-bucodental\\\/\"},\"wordCount\":905,\"publisher\":{\"@id\":\"https:\\\/\\\/luracare.es\\\/ca\\\/#organization\"},\"image\":{\"@id\":\"https:\\\/\\\/luracare.es\\\/ca\\\/2024\\\/04\\\/como-afecta-la-primavera-a-nuestra-salud-bucodental\\\/#primaryimage\"},\"thumbnailUrl\":\"https:\\\/\\\/luracare.es\\\/wp-content\\\/uploads\\\/2024\\\/04\\\/LuraCare-ES-Articulos-Astenia_primaveral-1200x600-1.jpg\",\"keywords\":[\"aftas\",\"alergias\",\"astenia\",\"hidrataci\u00f3n\",\"higiene oral\",\"nutrici\u00f3n\",\"odontolog\u00eda\",\"personas mayores\",\"primavera\",\"salud bucodental\",\"sequedad bucal\",\"sinusitis\",\"tercera edad\"],\"articleSection\":[\"Articulos\"],\"inLanguage\":\"ca\"},{\"@type\":\"WebPage\",\"@id\":\"https:\\\/\\\/luracare.es\\\/ca\\\/2024\\\/04\\\/como-afecta-la-primavera-a-nuestra-salud-bucodental\\\/\",\"url\":\"https:\\\/\\\/luracare.es\\\/ca\\\/2024\\\/04\\\/como-afecta-la-primavera-a-nuestra-salud-bucodental\\\/\",\"name\":\"\u00bfC\u00f3mo afecta la llegada de la primavera a nuestra salud bucodental? - Lura Care Espa\u00f1a\",\"isPartOf\":{\"@id\":\"https:\\\/\\\/luracare.es\\\/ca\\\/#website\"},\"primaryImageOfPage\":{\"@id\":\"https:\\\/\\\/luracare.es\\\/ca\\\/2024\\\/04\\\/como-afecta-la-primavera-a-nuestra-salud-bucodental\\\/#primaryimage\"},\"image\":{\"@id\":\"https:\\\/\\\/luracare.es\\\/ca\\\/2024\\\/04\\\/como-afecta-la-primavera-a-nuestra-salud-bucodental\\\/#primaryimage\"},\"thumbnailUrl\":\"https:\\\/\\\/luracare.es\\\/wp-content\\\/uploads\\\/2024\\\/04\\\/LuraCare-ES-Articulos-Astenia_primaveral-1200x600-1.jpg\",\"datePublished\":\"2024-04-04T07:41:05+00:00\",\"dateModified\":\"2025-04-15T07:56:20+00:00\",\"description\":\"Si bien la llegada de la primavera tiene generalmente connotaciones positivas para la mayor\u00eda de las personas, para otras puede suponer el inicio de trastornos condicionen la salud, el bienestar y el estado de \u00e1nimo.\",\"breadcrumb\":{\"@id\":\"https:\\\/\\\/luracare.es\\\/ca\\\/2024\\\/04\\\/como-afecta-la-primavera-a-nuestra-salud-bucodental\\\/#breadcrumb\"},\"inLanguage\":\"ca\",\"potentialAction\":[{\"@type\":\"ReadAction\",\"target\":[\"https:\\\/\\\/luracare.es\\\/ca\\\/2024\\\/04\\\/como-afecta-la-primavera-a-nuestra-salud-bucodental\\\/\"]}]},{\"@type\":\"ImageObject\",\"inLanguage\":\"ca\",\"@id\":\"https:\\\/\\\/luracare.es\\\/ca\\\/2024\\\/04\\\/como-afecta-la-primavera-a-nuestra-salud-bucodental\\\/#primaryimage\",\"url\":\"https:\\\/\\\/luracare.es\\\/wp-content\\\/uploads\\\/2024\\\/04\\\/LuraCare-ES-Articulos-Astenia_primaveral-1200x600-1.jpg\",\"contentUrl\":\"https:\\\/\\\/luracare.es\\\/wp-content\\\/uploads\\\/2024\\\/04\\\/LuraCare-ES-Articulos-Astenia_primaveral-1200x600-1.jpg\",\"width\":1200,\"height\":600,\"caption\":\"Astenia primaveral\"},{\"@type\":\"BreadcrumbList\",\"@id\":\"https:\\\/\\\/luracare.es\\\/ca\\\/2024\\\/04\\\/como-afecta-la-primavera-a-nuestra-salud-bucodental\\\/#breadcrumb\",\"itemListElement\":[{\"@type\":\"ListItem\",\"position\":1,\"name\":\"Portada\",\"item\":\"https:\\\/\\\/luracare.es\\\/ca\\\/\"},{\"@type\":\"ListItem\",\"position\":2,\"name\":\"\u00bfC\u00f3mo afecta la llegada de la primavera a nuestra salud bucodental?\"}]},{\"@type\":\"WebSite\",\"@id\":\"https:\\\/\\\/luracare.es\\\/ca\\\/#website\",\"url\":\"https:\\\/\\\/luracare.es\\\/ca\\\/\",\"name\":\"Lura Care - La asistencia domiciliaria que necesitas\",\"description\":\"L\u00edderes en odontolog\u00eda residencial para la tercera edad y las personas con diversidad funcional.\",\"publisher\":{\"@id\":\"https:\\\/\\\/luracare.es\\\/ca\\\/#organization\"},\"alternateName\":\"Lura Care\",\"potentialAction\":[{\"@type\":\"SearchAction\",\"target\":{\"@type\":\"EntryPoint\",\"urlTemplate\":\"https:\\\/\\\/luracare.es\\\/ca\\\/?s={search_term_string}\"},\"query-input\":{\"@type\":\"PropertyValueSpecification\",\"valueRequired\":true,\"valueName\":\"search_term_string\"}}],\"inLanguage\":\"ca\"},{\"@type\":\"Organization\",\"@id\":\"https:\\\/\\\/luracare.es\\\/ca\\\/#organization\",\"name\":\"Lura Care\",\"alternateName\":\"DENTAL RESIDENCY S.L.\",\"url\":\"https:\\\/\\\/luracare.es\\\/ca\\\/\",\"logo\":{\"@type\":\"ImageObject\",\"inLanguage\":\"ca\",\"@id\":\"https:\\\/\\\/luracare.es\\\/ca\\\/#\\\/schema\\\/logo\\\/image\\\/\",\"url\":\"https:\\\/\\\/luracare.es\\\/wp-content\\\/uploads\\\/2023\\\/10\\\/Lura_Care_Bringing_Health_To-Your_Home_h1_claim.png\",\"contentUrl\":\"https:\\\/\\\/luracare.es\\\/wp-content\\\/uploads\\\/2023\\\/10\\\/Lura_Care_Bringing_Health_To-Your_Home_h1_claim.png\",\"width\":3290,\"height\":943,\"caption\":\"Lura Care\"},\"image\":{\"@id\":\"https:\\\/\\\/luracare.es\\\/ca\\\/#\\\/schema\\\/logo\\\/image\\\/\"}},{\"@type\":\"Person\",\"@id\":\"https:\\\/\\\/luracare.es\\\/ca\\\/#\\\/schema\\\/person\\\/481791a2cec057d87c344bde8cbe83a7\",\"name\":\"Ramon Prats\",\"image\":{\"@type\":\"ImageObject\",\"inLanguage\":\"ca\",\"@id\":\"https:\\\/\\\/secure.gravatar.com\\\/avatar\\\/c626816712aa8911daa37bd8129f436f3b1b4c74d0ef5669f69af79994f3648d?s=96&d=wavatar&r=g\",\"url\":\"https:\\\/\\\/secure.gravatar.com\\\/avatar\\\/c626816712aa8911daa37bd8129f436f3b1b4c74d0ef5669f69af79994f3648d?s=96&d=wavatar&r=g\",\"contentUrl\":\"https:\\\/\\\/secure.gravatar.com\\\/avatar\\\/c626816712aa8911daa37bd8129f436f3b1b4c74d0ef5669f69af79994f3648d?s=96&d=wavatar&r=g\",\"caption\":\"Ramon Prats\"},\"url\":\"https:\\\/\\\/luracare.es\\\/ca\\\/author\\\/rprats\\\/\"}]}<\/script>\n<!-- \/ Yoast SEO plugin. -->","yoast_head_json":{"title":"Com afecta l&#039;arribada de la primavera a la nostra salut bucodental? - Lura Care Espanya","description":"Si b\u00e9 l&#039;arribada de la primavera generalment t\u00e9 connotacions positives per a la majoria de les persones, per a altres pot suposar l&#039;inici de trastorns condicionar la salut, el benestar i l&#039;estat d&#039;\u00e0nim.","robots":{"index":"index","follow":"follow","max-snippet":"max-snippet:-1","max-image-preview":"max-image-preview:large","max-video-preview":"max-video-preview:-1"},"canonical":"https:\/\/luracare.es\/ca\/2024\/04\/como-afecta-la-primavera-a-nuestra-salud-bucodental\/","og_locale":"ca_ES","og_type":"article","og_title":"\u00bfC\u00f3mo afecta la llegada de la primavera a nuestra salud bucodental? - Lura Care Espa\u00f1a","og_description":"Si bien la llegada de la primavera tiene generalmente connotaciones positivas para la mayor\u00eda de las personas, para otras puede suponer el inicio de trastornos condicionen la salud, el bienestar y el estado de \u00e1nimo.","og_url":"https:\/\/luracare.es\/ca\/2024\/04\/como-afecta-la-primavera-a-nuestra-salud-bucodental\/","og_site_name":"Lura Care Espa\u00f1a","article_published_time":"2024-04-04T07:41:05+00:00","article_modified_time":"2025-04-15T07:56:20+00:00","og_image":[{"width":1200,"height":600,"url":"https:\/\/luracare.es\/wp-content\/uploads\/2024\/04\/LuraCare-ES-Articulos-Astenia_primaveral-1200x600-1.jpg","type":"image\/jpeg"}],"author":"Ramon Prats","twitter_card":"summary_large_image","twitter_misc":{"Escrit per":"Ramon Prats","Temps estimat de lectura":"5 minuts"},"schema":{"@context":"https:\/\/schema.org","@graph":[{"@type":"Article","@id":"https:\/\/luracare.es\/ca\/2024\/04\/como-afecta-la-primavera-a-nuestra-salud-bucodental\/#article","isPartOf":{"@id":"https:\/\/luracare.es\/ca\/2024\/04\/como-afecta-la-primavera-a-nuestra-salud-bucodental\/"},"author":{"name":"Ramon Prats","@id":"https:\/\/luracare.es\/ca\/#\/schema\/person\/481791a2cec057d87c344bde8cbe83a7"},"headline":"\u00bfC\u00f3mo afecta la llegada de la primavera a nuestra salud bucodental?","datePublished":"2024-04-04T07:41:05+00:00","dateModified":"2025-04-15T07:56:20+00:00","mainEntityOfPage":{"@id":"https:\/\/luracare.es\/ca\/2024\/04\/como-afecta-la-primavera-a-nuestra-salud-bucodental\/"},"wordCount":905,"publisher":{"@id":"https:\/\/luracare.es\/ca\/#organization"},"image":{"@id":"https:\/\/luracare.es\/ca\/2024\/04\/como-afecta-la-primavera-a-nuestra-salud-bucodental\/#primaryimage"},"thumbnailUrl":"https:\/\/luracare.es\/wp-content\/uploads\/2024\/04\/LuraCare-ES-Articulos-Astenia_primaveral-1200x600-1.jpg","keywords":["aftas","alergias","astenia","hidrataci\u00f3n","higiene oral","nutrici\u00f3n","odontolog\u00eda","personas mayores","primavera","salud bucodental","sequedad bucal","sinusitis","tercera edad"],"articleSection":["Articulos"],"inLanguage":"ca"},{"@type":"WebPage","@id":"https:\/\/luracare.es\/ca\/2024\/04\/como-afecta-la-primavera-a-nuestra-salud-bucodental\/","url":"https:\/\/luracare.es\/ca\/2024\/04\/como-afecta-la-primavera-a-nuestra-salud-bucodental\/","name":"Com afecta l&#039;arribada de la primavera a la nostra salut bucodental? - Lura Care Espanya","isPartOf":{"@id":"https:\/\/luracare.es\/ca\/#website"},"primaryImageOfPage":{"@id":"https:\/\/luracare.es\/ca\/2024\/04\/como-afecta-la-primavera-a-nuestra-salud-bucodental\/#primaryimage"},"image":{"@id":"https:\/\/luracare.es\/ca\/2024\/04\/como-afecta-la-primavera-a-nuestra-salud-bucodental\/#primaryimage"},"thumbnailUrl":"https:\/\/luracare.es\/wp-content\/uploads\/2024\/04\/LuraCare-ES-Articulos-Astenia_primaveral-1200x600-1.jpg","datePublished":"2024-04-04T07:41:05+00:00","dateModified":"2025-04-15T07:56:20+00:00","description":"Si b\u00e9 l&#039;arribada de la primavera generalment t\u00e9 connotacions positives per a la majoria de les persones, per a altres pot suposar l&#039;inici de trastorns condicionar la salut, el benestar i l&#039;estat d&#039;\u00e0nim.","breadcrumb":{"@id":"https:\/\/luracare.es\/ca\/2024\/04\/como-afecta-la-primavera-a-nuestra-salud-bucodental\/#breadcrumb"},"inLanguage":"ca","potentialAction":[{"@type":"ReadAction","target":["https:\/\/luracare.es\/ca\/2024\/04\/como-afecta-la-primavera-a-nuestra-salud-bucodental\/"]}]},{"@type":"ImageObject","inLanguage":"ca","@id":"https:\/\/luracare.es\/ca\/2024\/04\/como-afecta-la-primavera-a-nuestra-salud-bucodental\/#primaryimage","url":"https:\/\/luracare.es\/wp-content\/uploads\/2024\/04\/LuraCare-ES-Articulos-Astenia_primaveral-1200x600-1.jpg","contentUrl":"https:\/\/luracare.es\/wp-content\/uploads\/2024\/04\/LuraCare-ES-Articulos-Astenia_primaveral-1200x600-1.jpg","width":1200,"height":600,"caption":"Astenia primaveral"},{"@type":"BreadcrumbList","@id":"https:\/\/luracare.es\/ca\/2024\/04\/como-afecta-la-primavera-a-nuestra-salud-bucodental\/#breadcrumb","itemListElement":[{"@type":"ListItem","position":1,"name":"Portada","item":"https:\/\/luracare.es\/ca\/"},{"@type":"ListItem","position":2,"name":"\u00bfC\u00f3mo afecta la llegada de la primavera a nuestra salud bucodental?"}]},{"@type":"WebSite","@id":"https:\/\/luracare.es\/ca\/#website","url":"https:\/\/luracare.es\/ca\/","name":"Lura Care - L&#039;assist\u00e8ncia domicili\u00e0ria que necessites","description":"L\u00edders en odontologia residencial per a gent gran i les persones amb diversitat funcional.","publisher":{"@id":"https:\/\/luracare.es\/ca\/#organization"},"alternateName":"Lura Care","potentialAction":[{"@type":"SearchAction","target":{"@type":"EntryPoint","urlTemplate":"https:\/\/luracare.es\/ca\/?s={search_term_string}"},"query-input":{"@type":"PropertyValueSpecification","valueRequired":true,"valueName":"search_term_string"}}],"inLanguage":"ca"},{"@type":"Organization","@id":"https:\/\/luracare.es\/ca\/#organization","name":"Lura Care","alternateName":"DENTAL RESIDENCY S.L.","url":"https:\/\/luracare.es\/ca\/","logo":{"@type":"ImageObject","inLanguage":"ca","@id":"https:\/\/luracare.es\/ca\/#\/schema\/logo\/image\/","url":"https:\/\/luracare.es\/wp-content\/uploads\/2023\/10\/Lura_Care_Bringing_Health_To-Your_Home_h1_claim.png","contentUrl":"https:\/\/luracare.es\/wp-content\/uploads\/2023\/10\/Lura_Care_Bringing_Health_To-Your_Home_h1_claim.png","width":3290,"height":943,"caption":"Lura Care"},"image":{"@id":"https:\/\/luracare.es\/ca\/#\/schema\/logo\/image\/"}},{"@type":"Person","@id":"https:\/\/luracare.es\/ca\/#\/schema\/person\/481791a2cec057d87c344bde8cbe83a7","name":"Ramon Prats","image":{"@type":"ImageObject","inLanguage":"ca","@id":"https:\/\/secure.gravatar.com\/avatar\/c626816712aa8911daa37bd8129f436f3b1b4c74d0ef5669f69af79994f3648d?s=96&d=wavatar&r=g","url":"https:\/\/secure.gravatar.com\/avatar\/c626816712aa8911daa37bd8129f436f3b1b4c74d0ef5669f69af79994f3648d?s=96&d=wavatar&r=g","contentUrl":"https:\/\/secure.gravatar.com\/avatar\/c626816712aa8911daa37bd8129f436f3b1b4c74d0ef5669f69af79994f3648d?s=96&d=wavatar&r=g","caption":"Ramon Prats"},"url":"https:\/\/luracare.es\/ca\/author\/rprats\/"}]}},"_links":{"self":[{"href":"https:\/\/luracare.es\/ca\/wp-json\/wp\/v2\/posts\/3352","targetHints":{"allow":["GET"]}}],"collection":[{"href":"https:\/\/luracare.es\/ca\/wp-json\/wp\/v2\/posts"}],"about":[{"href":"https:\/\/luracare.es\/ca\/wp-json\/wp\/v2\/types\/post"}],"author":[{"embeddable":true,"href":"https:\/\/luracare.es\/ca\/wp-json\/wp\/v2\/users\/3"}],"replies":[{"embeddable":true,"href":"https:\/\/luracare.es\/ca\/wp-json\/wp\/v2\/comments?post=3352"}],"version-history":[{"count":2,"href":"https:\/\/luracare.es\/ca\/wp-json\/wp\/v2\/posts\/3352\/revisions"}],"predecessor-version":[{"id":5453,"href":"https:\/\/luracare.es\/ca\/wp-json\/wp\/v2\/posts\/3352\/revisions\/5453"}],"wp:featuredmedia":[{"embeddable":true,"href":"https:\/\/luracare.es\/ca\/wp-json\/wp\/v2\/media\/3353"}],"wp:attachment":[{"href":"https:\/\/luracare.es\/ca\/wp-json\/wp\/v2\/media?parent=3352"}],"wp:term":[{"taxonomy":"category","embeddable":true,"href":"https:\/\/luracare.es\/ca\/wp-json\/wp\/v2\/categories?post=3352"},{"taxonomy":"post_tag","embeddable":true,"href":"https:\/\/luracare.es\/ca\/wp-json\/wp\/v2\/tags?post=3352"}],"curies":[{"name":"wp","href":"https:\/\/api.w.org\/{rel}","templated":true}]}}