{"id":4281,"date":"2024-09-19T15:04:21","date_gmt":"2024-09-19T15:04:21","guid":{"rendered":"https:\/\/luracare.es\/?p=4281"},"modified":"2024-09-19T15:07:45","modified_gmt":"2024-09-19T15:07:45","slug":"lura-care-evento-empresarial-accio-americas-cup","status":"publish","type":"post","link":"https:\/\/luracare.es\/ca\/2024\/09\/lura-care-evento-empresarial-accio-americas-cup\/","title":{"rendered":"Lura Care, a l&#039;esdeveniment empresarial d&#039;ACCI\u00d3 a la 37a America&#039;s Cup"},"content":{"rendered":"<p>19\/09\/2024<\/p>\n\n\n\n<p>Ahir vam tenir el plaer de participar a l&#039;esdeveniment empresarial organitzat per <a href=\"https:\/\/www.accio.gencat.cat\/en\/inici\/\">ACCI\u00d3<\/a>, l&#039;Ag\u00e8ncia per a la Competitivitat Empresarial de la Generalitat de Catalunya, com a part de les activitats amb motiu de la <a href=\"https:\/\/www.accio.gencat.cat\/en\/inici\/\" target=\"_blank\" rel=\"noreferrer noopener\">37th America&#039;s Cup<\/a> que aquests dies se celebra a Barcelona.<\/p>\n\n\n\n<p>A l&#039;especular marc del <a href=\"https:\/\/luracare.co.uk\/\" target=\"_blank\" rel=\"noreferrer noopener\">Club Nataci\u00f3 Barcelona<\/a>, gaudint d&#039;unes vistes privilegiades mentre el <a href=\"https:\/\/www.ineosbritannia.com\/\">INEUS Britannia<\/a> avan\u00e7ava cap a la final, les empreses amb negocis al Regne Unit, entre elles <a href=\"https:\/\/luracare.co.uk\/\">Lura Care<\/a>, vam tenir l&#039;oportunitat de debatre amb Lloyd Milen, C\u00f2nsol General Brit\u00e0nic a Barcelona, i Chris Barton CMG, HM Trade Commissioner for Europe, sobre els reptes a qu\u00e8 ens vam enfrontar per expandir el nostre negoci al Regne Unit.<\/p>\n\n\n\n<p>Xavier Comas, Global COO i director general de <a href=\"https:\/\/luracare.co.uk\/\" target=\"_blank\" rel=\"noreferrer noopener\">Lura Care UK<\/a>, va destacar l&#039;escassetat de dentistes al pa\u00eds, i va demanar l&#039;agilitaci\u00f3 dels processos d&#039;immigraci\u00f3 per facilitar la transfer\u00e8ncia de talent des del nostre pa\u00eds d&#039;origen, Espanya.<\/p>\n\n\n\n<p>Des de l&#039;obertura del nostre primer centre dental a Hampton Hill, Londres, a <a href=\"https:\/\/luracare.co.uk\/\" target=\"_blank\" rel=\"noreferrer noopener\">Lura Care<\/a> <strong>hem signat un acord amb un grup de resid\u00e8ncies<\/strong> de gent gran i persones amb diversitat funcional. Gr\u00e0cies a aix\u00f2, en nom\u00e9s quatre mesos ja <strong>hem at\u00e8s m\u00e9s de 500 pacients en una trentena de centres<\/strong> situats al voltant de la capital brit\u00e0nica, a localitats com Windsor, Sittingbourne i Folkestone.<\/p>\n\n\n\n<p>El nostre objectiu per als propers anys \u00e9s <strong>seguir invertint al Regne Unit per poder obrir oficines a altres grans ciutats<\/strong> del pa\u00eds com Manchester, Liverpool, Birmingham i Newcastle.<\/p>\n\n\n\n<p>L&#039;esdeveniment va ser tamb\u00e9 una nova oportunitat per passar el dia amb Saskia van Brakel, de l&#039;oficina de <a href=\"https:\/\/www.accio.gencat.cat\/en\/inici\/\" target=\"_blank\" rel=\"noreferrer noopener\">ACCI\u00d3<\/a> a Londres, i Jessica Griffiths, del <a href=\"https:\/\/www.great.gov.uk\/\" target=\"_blank\" rel=\"noreferrer noopener\">Department for Trade &amp; Business<\/a> del Consolat Brit\u00e0nic. Un cop m\u00e9s, volem expressar el nostre m\u00e9s profund agra\u00efment per tot el seu suport en el llan\u00e7ament de la nostra empresa al Regne Unit.<\/p>\n\n\n\n<div style=\"height:50px\" aria-hidden=\"true\" class=\"wp-block-spacer\"><\/div>\n\n\n\n<p><\/p>","protected":false},"excerpt":{"rendered":"<p>19\/09\/2024 Ahir vam tenir el plaer de participar a l&#039;esdeveniment empresarial organitzat per ACCI\u00d3, l&#039;Ag\u00e8ncia per a la Competitivitat Empresarial de la Generalitat de Catalunya, com a part de les activitats amb motiu de la 37th America&#039;s Cup que aquests dies se celebra a Barcelona . A l&#039;especular marc del Club Nataci\u00f3 Barcelona, gaudint d&#039;unes\u2026 <a class=\"continue\" href=\"https:\/\/luracare.es\/ca\/2024\/09\/lura-care-evento-empresarial-accio-americas-cup\/\">Continue Reading<span> Lura Care, a l&#039;esdeveniment empresarial d&#039;ACCI\u00d3 a la 37a America&#039;s Cup<\/span><\/a><\/p>","protected":false},"author":3,"featured_media":4282,"comment_status":"closed","ping_status":"open","sticky":false,"template":"","format":"standard","meta":{"_coblocks_attr":"","_coblocks_dimensions":"","_coblocks_responsive_height":"","_coblocks_accordion_ie_support":"","footnotes":""},"categories":[19],"tags":[204,205,165,203,25,44,207],"class_list":["post-4281","post","type-post","status-publish","format-standard","has-post-thumbnail","hentry","category-noticias","tag-accio","tag-americas-cup","tag-innovacion","tag-negocios","tag-odontologia","tag-salud-bucodental","tag-talento"],"yoast_head":"<!-- This site is optimized with the Yoast SEO plugin v27.5 - https:\/\/yoast.com\/product\/yoast-seo-wordpress\/ -->\n<title>Lura Care, en el evento empresarial de ACCI\u00d3 en la 37\u00aa America&#039;s Cup - Lura Care Espa\u00f1a<\/title>\n<meta name=\"description\" content=\"L\u00edderes en odontolog\u00eda residencial para la tercera edad y las personas con diversidad funcional. \u00a1Cont\u00e1ctanos ahora!\" \/>\n<meta name=\"robots\" content=\"index, follow, max-snippet:-1, max-image-preview:large, max-video-preview:-1\" \/>\n<link rel=\"canonical\" href=\"https:\/\/luracare.es\/ca\/2024\/09\/lura-care-evento-empresarial-accio-americas-cup\/\" \/>\n<meta property=\"og:locale\" content=\"ca_ES\" \/>\n<meta property=\"og:type\" content=\"article\" \/>\n<meta property=\"og:title\" content=\"Lura Care, en el evento empresarial de ACCI\u00d3 en la 37\u00aa America&#039;s Cup - Lura Care Espa\u00f1a\" \/>\n<meta property=\"og:description\" content=\"L\u00edderes en odontolog\u00eda residencial para la tercera edad y las personas con diversidad funcional. \u00a1Cont\u00e1ctanos ahora!\" \/>\n<meta property=\"og:url\" content=\"https:\/\/luracare.es\/ca\/2024\/09\/lura-care-evento-empresarial-accio-americas-cup\/\" \/>\n<meta property=\"og:site_name\" content=\"Lura Care Espa\u00f1a\" \/>\n<meta property=\"article:published_time\" content=\"2024-09-19T15:04:21+00:00\" \/>\n<meta property=\"article:modified_time\" content=\"2024-09-19T15:07:45+00:00\" \/>\n<meta property=\"og:image\" content=\"https:\/\/luracare.es\/wp-content\/uploads\/2024\/09\/LuraCare-ES-Noticias-ACCIO-Americas_Cup_2024-1200x600-1.jpg\" \/>\n\t<meta property=\"og:image:width\" content=\"1200\" \/>\n\t<meta property=\"og:image:height\" content=\"600\" \/>\n\t<meta property=\"og:image:type\" content=\"image\/jpeg\" \/>\n<meta name=\"author\" content=\"Ramon Prats\" \/>\n<meta name=\"twitter:card\" content=\"summary_large_image\" \/>\n<meta name=\"twitter:label1\" content=\"Escrit per\" \/>\n\t<meta name=\"twitter:data1\" content=\"Ramon Prats\" \/>\n\t<meta name=\"twitter:label2\" content=\"Temps estimat de lectura\" \/>\n\t<meta name=\"twitter:data2\" content=\"2 minuts\" \/>\n<script type=\"application\/ld+json\" class=\"yoast-schema-graph\">{\"@context\":\"https:\\\/\\\/schema.org\",\"@graph\":[{\"@type\":\"Article\",\"@id\":\"https:\\\/\\\/luracare.es\\\/es_es\\\/2024\\\/09\\\/lura-care-evento-empresarial-accio-americas-cup\\\/#article\",\"isPartOf\":{\"@id\":\"https:\\\/\\\/luracare.es\\\/es_es\\\/2024\\\/09\\\/lura-care-evento-empresarial-accio-americas-cup\\\/\"},\"author\":{\"name\":\"Ramon Prats\",\"@id\":\"https:\\\/\\\/luracare.es\\\/ca\\\/#\\\/schema\\\/person\\\/481791a2cec057d87c344bde8cbe83a7\"},\"headline\":\"Lura Care, en el evento empresarial de ACCI\u00d3 en la 37\u00aa America&#8217;s Cup\",\"datePublished\":\"2024-09-19T15:04:21+00:00\",\"dateModified\":\"2024-09-19T15:07:45+00:00\",\"mainEntityOfPage\":{\"@id\":\"https:\\\/\\\/luracare.es\\\/es_es\\\/2024\\\/09\\\/lura-care-evento-empresarial-accio-americas-cup\\\/\"},\"wordCount\":338,\"publisher\":{\"@id\":\"https:\\\/\\\/luracare.es\\\/ca\\\/#organization\"},\"image\":{\"@id\":\"https:\\\/\\\/luracare.es\\\/es_es\\\/2024\\\/09\\\/lura-care-evento-empresarial-accio-americas-cup\\\/#primaryimage\"},\"thumbnailUrl\":\"https:\\\/\\\/luracare.es\\\/wp-content\\\/uploads\\\/2024\\\/09\\\/LuraCare-ES-Noticias-ACCIO-Americas_Cup_2024-1200x600-1.jpg\",\"keywords\":[\"ACCI\u00d3\",\"America's Cup\",\"innovaci\u00f3n\",\"negocios\",\"odontolog\u00eda\",\"salud bucodental\",\"talento\"],\"articleSection\":[\"Noticias\"],\"inLanguage\":\"ca\"},{\"@type\":\"WebPage\",\"@id\":\"https:\\\/\\\/luracare.es\\\/es_es\\\/2024\\\/09\\\/lura-care-evento-empresarial-accio-americas-cup\\\/\",\"url\":\"https:\\\/\\\/luracare.es\\\/es_es\\\/2024\\\/09\\\/lura-care-evento-empresarial-accio-americas-cup\\\/\",\"name\":\"Lura Care, en el evento empresarial de ACCI\u00d3 en la 37\u00aa America's Cup - Lura Care Espa\u00f1a\",\"isPartOf\":{\"@id\":\"https:\\\/\\\/luracare.es\\\/ca\\\/#website\"},\"primaryImageOfPage\":{\"@id\":\"https:\\\/\\\/luracare.es\\\/es_es\\\/2024\\\/09\\\/lura-care-evento-empresarial-accio-americas-cup\\\/#primaryimage\"},\"image\":{\"@id\":\"https:\\\/\\\/luracare.es\\\/es_es\\\/2024\\\/09\\\/lura-care-evento-empresarial-accio-americas-cup\\\/#primaryimage\"},\"thumbnailUrl\":\"https:\\\/\\\/luracare.es\\\/wp-content\\\/uploads\\\/2024\\\/09\\\/LuraCare-ES-Noticias-ACCIO-Americas_Cup_2024-1200x600-1.jpg\",\"datePublished\":\"2024-09-19T15:04:21+00:00\",\"dateModified\":\"2024-09-19T15:07:45+00:00\",\"description\":\"L\u00edderes en odontolog\u00eda residencial para la tercera edad y las personas con diversidad funcional. \u00a1Cont\u00e1ctanos ahora!\",\"breadcrumb\":{\"@id\":\"https:\\\/\\\/luracare.es\\\/es_es\\\/2024\\\/09\\\/lura-care-evento-empresarial-accio-americas-cup\\\/#breadcrumb\"},\"inLanguage\":\"ca\",\"potentialAction\":[{\"@type\":\"ReadAction\",\"target\":[\"https:\\\/\\\/luracare.es\\\/es_es\\\/2024\\\/09\\\/lura-care-evento-empresarial-accio-americas-cup\\\/\"]}]},{\"@type\":\"ImageObject\",\"inLanguage\":\"ca\",\"@id\":\"https:\\\/\\\/luracare.es\\\/es_es\\\/2024\\\/09\\\/lura-care-evento-empresarial-accio-americas-cup\\\/#primaryimage\",\"url\":\"https:\\\/\\\/luracare.es\\\/wp-content\\\/uploads\\\/2024\\\/09\\\/LuraCare-ES-Noticias-ACCIO-Americas_Cup_2024-1200x600-1.jpg\",\"contentUrl\":\"https:\\\/\\\/luracare.es\\\/wp-content\\\/uploads\\\/2024\\\/09\\\/LuraCare-ES-Noticias-ACCIO-Americas_Cup_2024-1200x600-1.jpg\",\"width\":1200,\"height\":600,\"caption\":\"Lura Care, en el evento empresarial de ACCI\u00d3 en la 37\u00aa America's Cup\"},{\"@type\":\"BreadcrumbList\",\"@id\":\"https:\\\/\\\/luracare.es\\\/es_es\\\/2024\\\/09\\\/lura-care-evento-empresarial-accio-americas-cup\\\/#breadcrumb\",\"itemListElement\":[{\"@type\":\"ListItem\",\"position\":1,\"name\":\"Portada\",\"item\":\"https:\\\/\\\/luracare.es\\\/ca\\\/\"},{\"@type\":\"ListItem\",\"position\":2,\"name\":\"Lura Care, en el evento empresarial de ACCI\u00d3 en la 37\u00aa America&#8217;s Cup\"}]},{\"@type\":\"WebSite\",\"@id\":\"https:\\\/\\\/luracare.es\\\/ca\\\/#website\",\"url\":\"https:\\\/\\\/luracare.es\\\/ca\\\/\",\"name\":\"Lura Care - La asistencia domiciliaria que necesitas\",\"description\":\"L\u00edderes en odontolog\u00eda residencial para la tercera edad y las personas con diversidad funcional.\",\"publisher\":{\"@id\":\"https:\\\/\\\/luracare.es\\\/ca\\\/#organization\"},\"alternateName\":\"Lura Care\",\"potentialAction\":[{\"@type\":\"SearchAction\",\"target\":{\"@type\":\"EntryPoint\",\"urlTemplate\":\"https:\\\/\\\/luracare.es\\\/ca\\\/?s={search_term_string}\"},\"query-input\":{\"@type\":\"PropertyValueSpecification\",\"valueRequired\":true,\"valueName\":\"search_term_string\"}}],\"inLanguage\":\"ca\"},{\"@type\":\"Organization\",\"@id\":\"https:\\\/\\\/luracare.es\\\/ca\\\/#organization\",\"name\":\"Lura Care\",\"alternateName\":\"DENTAL RESIDENCY S.L.\",\"url\":\"https:\\\/\\\/luracare.es\\\/ca\\\/\",\"logo\":{\"@type\":\"ImageObject\",\"inLanguage\":\"ca\",\"@id\":\"https:\\\/\\\/luracare.es\\\/ca\\\/#\\\/schema\\\/logo\\\/image\\\/\",\"url\":\"https:\\\/\\\/luracare.es\\\/wp-content\\\/uploads\\\/2023\\\/10\\\/Lura_Care_Bringing_Health_To-Your_Home_h1_claim.png\",\"contentUrl\":\"https:\\\/\\\/luracare.es\\\/wp-content\\\/uploads\\\/2023\\\/10\\\/Lura_Care_Bringing_Health_To-Your_Home_h1_claim.png\",\"width\":3290,\"height\":943,\"caption\":\"Lura Care\"},\"image\":{\"@id\":\"https:\\\/\\\/luracare.es\\\/ca\\\/#\\\/schema\\\/logo\\\/image\\\/\"}},{\"@type\":\"Person\",\"@id\":\"https:\\\/\\\/luracare.es\\\/ca\\\/#\\\/schema\\\/person\\\/481791a2cec057d87c344bde8cbe83a7\",\"name\":\"Ramon Prats\",\"image\":{\"@type\":\"ImageObject\",\"inLanguage\":\"ca\",\"@id\":\"https:\\\/\\\/secure.gravatar.com\\\/avatar\\\/c626816712aa8911daa37bd8129f436f3b1b4c74d0ef5669f69af79994f3648d?s=96&d=wavatar&r=g\",\"url\":\"https:\\\/\\\/secure.gravatar.com\\\/avatar\\\/c626816712aa8911daa37bd8129f436f3b1b4c74d0ef5669f69af79994f3648d?s=96&d=wavatar&r=g\",\"contentUrl\":\"https:\\\/\\\/secure.gravatar.com\\\/avatar\\\/c626816712aa8911daa37bd8129f436f3b1b4c74d0ef5669f69af79994f3648d?s=96&d=wavatar&r=g\",\"caption\":\"Ramon Prats\"},\"url\":\"https:\\\/\\\/luracare.es\\\/ca\\\/author\\\/rprats\\\/\"}]}<\/script>\n<!-- \/ Yoast SEO plugin. -->","yoast_head_json":{"title":"Lura Care, a l&#039;esdeveniment empresarial d&#039;ACCI\u00d3 a la 37a America&#039;s Cup - Lura Care Espanya","description":"L\u00edders en odontologia residencial per a gent gran i les persones amb diversitat funcional. Contacta&#039;ns ara!","robots":{"index":"index","follow":"follow","max-snippet":"max-snippet:-1","max-image-preview":"max-image-preview:large","max-video-preview":"max-video-preview:-1"},"canonical":"https:\/\/luracare.es\/ca\/2024\/09\/lura-care-evento-empresarial-accio-americas-cup\/","og_locale":"ca_ES","og_type":"article","og_title":"Lura Care, en el evento empresarial de ACCI\u00d3 en la 37\u00aa America's Cup - Lura Care Espa\u00f1a","og_description":"L\u00edderes en odontolog\u00eda residencial para la tercera edad y las personas con diversidad funcional. \u00a1Cont\u00e1ctanos ahora!","og_url":"https:\/\/luracare.es\/ca\/2024\/09\/lura-care-evento-empresarial-accio-americas-cup\/","og_site_name":"Lura Care Espa\u00f1a","article_published_time":"2024-09-19T15:04:21+00:00","article_modified_time":"2024-09-19T15:07:45+00:00","og_image":[{"width":1200,"height":600,"url":"https:\/\/luracare.es\/wp-content\/uploads\/2024\/09\/LuraCare-ES-Noticias-ACCIO-Americas_Cup_2024-1200x600-1.jpg","type":"image\/jpeg"}],"author":"Ramon Prats","twitter_card":"summary_large_image","twitter_misc":{"Escrit per":"Ramon Prats","Temps estimat de lectura":"2 minuts"},"schema":{"@context":"https:\/\/schema.org","@graph":[{"@type":"Article","@id":"https:\/\/luracare.es\/es_es\/2024\/09\/lura-care-evento-empresarial-accio-americas-cup\/#article","isPartOf":{"@id":"https:\/\/luracare.es\/es_es\/2024\/09\/lura-care-evento-empresarial-accio-americas-cup\/"},"author":{"name":"Ramon Prats","@id":"https:\/\/luracare.es\/ca\/#\/schema\/person\/481791a2cec057d87c344bde8cbe83a7"},"headline":"Lura Care, en el evento empresarial de ACCI\u00d3 en la 37\u00aa America&#8217;s Cup","datePublished":"2024-09-19T15:04:21+00:00","dateModified":"2024-09-19T15:07:45+00:00","mainEntityOfPage":{"@id":"https:\/\/luracare.es\/es_es\/2024\/09\/lura-care-evento-empresarial-accio-americas-cup\/"},"wordCount":338,"publisher":{"@id":"https:\/\/luracare.es\/ca\/#organization"},"image":{"@id":"https:\/\/luracare.es\/es_es\/2024\/09\/lura-care-evento-empresarial-accio-americas-cup\/#primaryimage"},"thumbnailUrl":"https:\/\/luracare.es\/wp-content\/uploads\/2024\/09\/LuraCare-ES-Noticias-ACCIO-Americas_Cup_2024-1200x600-1.jpg","keywords":["ACCI\u00d3","America's Cup","innovaci\u00f3n","negocios","odontolog\u00eda","salud bucodental","talento"],"articleSection":["Noticias"],"inLanguage":"ca"},{"@type":"WebPage","@id":"https:\/\/luracare.es\/es_es\/2024\/09\/lura-care-evento-empresarial-accio-americas-cup\/","url":"https:\/\/luracare.es\/es_es\/2024\/09\/lura-care-evento-empresarial-accio-americas-cup\/","name":"Lura Care, a l&#039;esdeveniment empresarial d&#039;ACCI\u00d3 a la 37a America&#039;s Cup - Lura Care Espanya","isPartOf":{"@id":"https:\/\/luracare.es\/ca\/#website"},"primaryImageOfPage":{"@id":"https:\/\/luracare.es\/es_es\/2024\/09\/lura-care-evento-empresarial-accio-americas-cup\/#primaryimage"},"image":{"@id":"https:\/\/luracare.es\/es_es\/2024\/09\/lura-care-evento-empresarial-accio-americas-cup\/#primaryimage"},"thumbnailUrl":"https:\/\/luracare.es\/wp-content\/uploads\/2024\/09\/LuraCare-ES-Noticias-ACCIO-Americas_Cup_2024-1200x600-1.jpg","datePublished":"2024-09-19T15:04:21+00:00","dateModified":"2024-09-19T15:07:45+00:00","description":"L\u00edders en odontologia residencial per a gent gran i les persones amb diversitat funcional. Contacta&#039;ns ara!","breadcrumb":{"@id":"https:\/\/luracare.es\/es_es\/2024\/09\/lura-care-evento-empresarial-accio-americas-cup\/#breadcrumb"},"inLanguage":"ca","potentialAction":[{"@type":"ReadAction","target":["https:\/\/luracare.es\/es_es\/2024\/09\/lura-care-evento-empresarial-accio-americas-cup\/"]}]},{"@type":"ImageObject","inLanguage":"ca","@id":"https:\/\/luracare.es\/es_es\/2024\/09\/lura-care-evento-empresarial-accio-americas-cup\/#primaryimage","url":"https:\/\/luracare.es\/wp-content\/uploads\/2024\/09\/LuraCare-ES-Noticias-ACCIO-Americas_Cup_2024-1200x600-1.jpg","contentUrl":"https:\/\/luracare.es\/wp-content\/uploads\/2024\/09\/LuraCare-ES-Noticias-ACCIO-Americas_Cup_2024-1200x600-1.jpg","width":1200,"height":600,"caption":"Lura Care, en el evento empresarial de ACCI\u00d3 en la 37\u00aa America's Cup"},{"@type":"BreadcrumbList","@id":"https:\/\/luracare.es\/es_es\/2024\/09\/lura-care-evento-empresarial-accio-americas-cup\/#breadcrumb","itemListElement":[{"@type":"ListItem","position":1,"name":"Portada","item":"https:\/\/luracare.es\/ca\/"},{"@type":"ListItem","position":2,"name":"Lura Care, en el evento empresarial de ACCI\u00d3 en la 37\u00aa America&#8217;s Cup"}]},{"@type":"WebSite","@id":"https:\/\/luracare.es\/ca\/#website","url":"https:\/\/luracare.es\/ca\/","name":"Lura Care - L&#039;assist\u00e8ncia domicili\u00e0ria que necessites","description":"L\u00edders en odontologia residencial per a gent gran i les persones amb diversitat funcional.","publisher":{"@id":"https:\/\/luracare.es\/ca\/#organization"},"alternateName":"Lura Care","potentialAction":[{"@type":"SearchAction","target":{"@type":"EntryPoint","urlTemplate":"https:\/\/luracare.es\/ca\/?s={search_term_string}"},"query-input":{"@type":"PropertyValueSpecification","valueRequired":true,"valueName":"search_term_string"}}],"inLanguage":"ca"},{"@type":"Organization","@id":"https:\/\/luracare.es\/ca\/#organization","name":"Lura Care","alternateName":"DENTAL RESIDENCY S.L.","url":"https:\/\/luracare.es\/ca\/","logo":{"@type":"ImageObject","inLanguage":"ca","@id":"https:\/\/luracare.es\/ca\/#\/schema\/logo\/image\/","url":"https:\/\/luracare.es\/wp-content\/uploads\/2023\/10\/Lura_Care_Bringing_Health_To-Your_Home_h1_claim.png","contentUrl":"https:\/\/luracare.es\/wp-content\/uploads\/2023\/10\/Lura_Care_Bringing_Health_To-Your_Home_h1_claim.png","width":3290,"height":943,"caption":"Lura Care"},"image":{"@id":"https:\/\/luracare.es\/ca\/#\/schema\/logo\/image\/"}},{"@type":"Person","@id":"https:\/\/luracare.es\/ca\/#\/schema\/person\/481791a2cec057d87c344bde8cbe83a7","name":"Ramon Prats","image":{"@type":"ImageObject","inLanguage":"ca","@id":"https:\/\/secure.gravatar.com\/avatar\/c626816712aa8911daa37bd8129f436f3b1b4c74d0ef5669f69af79994f3648d?s=96&d=wavatar&r=g","url":"https:\/\/secure.gravatar.com\/avatar\/c626816712aa8911daa37bd8129f436f3b1b4c74d0ef5669f69af79994f3648d?s=96&d=wavatar&r=g","contentUrl":"https:\/\/secure.gravatar.com\/avatar\/c626816712aa8911daa37bd8129f436f3b1b4c74d0ef5669f69af79994f3648d?s=96&d=wavatar&r=g","caption":"Ramon Prats"},"url":"https:\/\/luracare.es\/ca\/author\/rprats\/"}]}},"_links":{"self":[{"href":"https:\/\/luracare.es\/ca\/wp-json\/wp\/v2\/posts\/4281","targetHints":{"allow":["GET"]}}],"collection":[{"href":"https:\/\/luracare.es\/ca\/wp-json\/wp\/v2\/posts"}],"about":[{"href":"https:\/\/luracare.es\/ca\/wp-json\/wp\/v2\/types\/post"}],"author":[{"embeddable":true,"href":"https:\/\/luracare.es\/ca\/wp-json\/wp\/v2\/users\/3"}],"replies":[{"embeddable":true,"href":"https:\/\/luracare.es\/ca\/wp-json\/wp\/v2\/comments?post=4281"}],"version-history":[{"count":2,"href":"https:\/\/luracare.es\/ca\/wp-json\/wp\/v2\/posts\/4281\/revisions"}],"predecessor-version":[{"id":4285,"href":"https:\/\/luracare.es\/ca\/wp-json\/wp\/v2\/posts\/4281\/revisions\/4285"}],"wp:featuredmedia":[{"embeddable":true,"href":"https:\/\/luracare.es\/ca\/wp-json\/wp\/v2\/media\/4282"}],"wp:attachment":[{"href":"https:\/\/luracare.es\/ca\/wp-json\/wp\/v2\/media?parent=4281"}],"wp:term":[{"taxonomy":"category","embeddable":true,"href":"https:\/\/luracare.es\/ca\/wp-json\/wp\/v2\/categories?post=4281"},{"taxonomy":"post_tag","embeddable":true,"href":"https:\/\/luracare.es\/ca\/wp-json\/wp\/v2\/tags?post=4281"}],"curies":[{"name":"wp","href":"https:\/\/api.w.org\/{rel}","templated":true}]}}