{"id":4349,"date":"2024-10-03T10:27:37","date_gmt":"2024-10-03T10:27:37","guid":{"rendered":"https:\/\/luracare.es\/?p=4349"},"modified":"2024-10-14T08:31:58","modified_gmt":"2024-10-14T08:31:58","slug":"cuideo-servicio-gratuito-ayudas-dependencia","status":"publish","type":"post","link":"https:\/\/luracare.es\/ca\/2024\/10\/cuideo-servicio-gratuito-ayudas-dependencia\/","title":{"rendered":"Nou servei gratu\u00eft d&#039;assessorament d&#039;ajuts per a la depend\u00e8ncia"},"content":{"rendered":"<p><\/p>\n\n\n\n<p>03\/10\/2024<\/p>\n\n\n\n<p>Al nostre pa\u00eds hi ha <strong>moltes fam\u00edlies que podrien beneficiar-se de les ajudes de la Llei de Depend\u00e8ncia<\/strong>. Aquests ajuts estan disponibles per a les persones amb un grau de depend\u00e8ncia que estiguin rebent cures, tant en una resid\u00e8ncia com al seu domicili. Per\u00f2 no ho fan, i un dels motius principals \u00e9s la <strong>complexitat dels tr\u00e0mits per sol\u00b7licitar-les<\/strong>.<\/p>\n\n\n\n<p>Com a companyia d&#039;impacte social, a <a href=\"https:\/\/luracare.es\/ca\/\" target=\"_blank\" rel=\"noreferrer noopener\">Lura Care<\/a> estem compromesos a aportar serveis que contribueixin a millorar la salut, el benestar i la qualitat de vida de totes les persones dependents o amb problemes de mobilitat.<\/p>\n\n\n\n<p>I per aquest motiu, juntament amb <a href=\"https:\/\/cuideo.com\/\" target=\"_blank\" rel=\"noreferrer noopener\">Cura<\/a> estem impulsant un nou <strong>servei d&#039;assessorament i tramitaci\u00f3 gratu\u00eft de les ajudes per a la depend\u00e8ncia<\/strong>, i mitjan\u00e7ant el qual les persones dependents i les seves fam\u00edlies poden arribar a <strong>rebre fins a 747 euros en ajudes<\/strong>.<\/p>\n\n\n\n<p><a href=\"https:\/\/cuideo.com\/\" target=\"_blank\" rel=\"noreferrer noopener\">Cura<\/a> posa a disposici\u00f3 de totes les fam\u00edlies que ho sol\u00b7licitin un <strong>equip jur\u00eddic i social especialitzat en la Llei de Depend\u00e8ncia<\/strong>, que s&#039;encarregar\u00e0 d&#039;estudiar els cas i gestionar els tr\u00e0mits per sol\u00b7licitar-los de forma gratu\u00efta. Aquest servei est\u00e0 <strong>disponible a nivell nacional<\/strong>, per la qual cosa es pot sol\u00b7licitar a qualsevol de les comunitats aut\u00f2nomes de l&#039;Estat, i ve avalat per una <strong>taxa d&#039;\u00e8xit del 97% a la sol\u00b7licitud d&#039;ajudes a la depend\u00e8ncia.<\/strong><\/p>\n\n\n\n<p>Totes les fam\u00edlies que vulguin accedir a aquest servei nom\u00e9s han de <strong>completar el seg\u00fcent formulari<\/strong>, que no els portar\u00e0 m\u00e9s dun minut, i lequip dassessorament es posar\u00e0 en contacte amb elles per valorar el seu cas.<\/p>\n\n\n\n<p class=\"has-text-align-center\"><a href=\"https:\/\/docs.google.com\/forms\/d\/e\/1FAIpQLSccbAUHyYrytF-TW8lFl0LpJHFB9fGt2VLZBy447uO9CPrpBQ\/viewform\" target=\"_blank\" rel=\"noreferrer noopener\"><strong>SOL\u00b7LICITAR ASSESSORAMENT GRATU\u00cfT<\/strong><\/a><\/p>\n\n\n\n<p><strong>Les fam\u00edlies tenen fins al 15 doctubre per registrar-se<\/strong>. Si despr\u00e9s d&#039;aquest per\u00edode d&#039;assessorament gratu\u00eft de tramitaci\u00f3 d&#039;ajuts per a la depend\u00e8ncia es volen beneficiar del servei,\u00a0<a href=\"https:\/\/cuideo.com\/\" target=\"_blank\" rel=\"noreferrer noopener\">Cura<\/a><strong>\u00a0<\/strong>s&#039;encarregar\u00e0 de tots els tr\u00e0mits, formularis i gestions necessaris perqu\u00e8 hi puguin accedir sense complicacions.<\/p>\n\n\n\n<p>A <a href=\"https:\/\/luracare.es\/ca\/\" target=\"_blank\" rel=\"noreferrer noopener\">Lura Care<\/a> estem molt orgullosos de poder seguir impulsant les aliances i iniciatives innovadores amb companyies com <a href=\"https:\/\/cuideo.com\/\" target=\"_blank\" rel=\"noreferrer noopener\">Cura<\/a>, amb les quals compartim valors i l&#039;objectiu com\u00fa de <strong>millorar la vida de milers de persones en situaci\u00f3 de depend\u00e8ncia<\/strong>.<\/p>\n\n\n\n<div style=\"height:50px\" aria-hidden=\"true\" class=\"wp-block-spacer\"><\/div>\n\n\n\n<p><\/p>\n\n\n\n<p><\/p>","protected":false},"excerpt":{"rendered":"<p>03\/10\/2024 Al nostre pa\u00eds hi ha moltes fam\u00edlies que podrien beneficiar-se de les ajudes de la Llei de Depend\u00e8ncia. Aquests ajuts estan disponibles per a les persones amb un grau de depend\u00e8ncia que estiguin rebent cures, tant en una resid\u00e8ncia com al seu propi domicili. Per\u00f2 no ho fan, i un dels motius principals\u2026 <a class=\"continue\" href=\"https:\/\/luracare.es\/ca\/2024\/10\/cuideo-servicio-gratuito-ayudas-dependencia\/\">Continue Reading<span> Nou servei gratu\u00eft d&#039;assessorament d&#039;ajuts per a la depend\u00e8ncia<\/span><\/a><\/p>","protected":false},"author":3,"featured_media":4350,"comment_status":"closed","ping_status":"open","sticky":false,"template":"","format":"standard","meta":{"_coblocks_attr":"","_coblocks_dimensions":"","_coblocks_responsive_height":"","_coblocks_accordion_ie_support":"","footnotes":""},"categories":[19],"tags":[36,30,29,209,28,31,32],"class_list":["post-4349","post","type-post","status-publish","format-standard","has-post-thumbnail","hentry","category-noticias","tag-dependencia","tag-discapacidad","tag-diversidad-funcional","tag-ley-de-dependencia","tag-personas-mayores","tag-salud","tag-servicio-domiciliario"],"yoast_head":"<!-- This site is optimized with the Yoast SEO plugin v27.5 - https:\/\/yoast.com\/product\/yoast-seo-wordpress\/ -->\n<title>Nuevo servicio gratuito de asesoramiento de ayudas para la dependencia - Lura Care Espa\u00f1a<\/title>\n<meta name=\"description\" content=\"L\u00edderes en odontolog\u00eda residencial para la tercera edad y las personas con diversidad funcional. \u00a1Cont\u00e1ctanos ahora!\" \/>\n<meta name=\"robots\" content=\"index, follow, max-snippet:-1, max-image-preview:large, max-video-preview:-1\" \/>\n<link rel=\"canonical\" href=\"https:\/\/luracare.es\/ca\/2024\/10\/cuideo-servicio-gratuito-ayudas-dependencia\/\" \/>\n<meta property=\"og:locale\" content=\"ca_ES\" \/>\n<meta property=\"og:type\" content=\"article\" \/>\n<meta property=\"og:title\" content=\"Nuevo servicio gratuito de asesoramiento de ayudas para la dependencia - Lura Care Espa\u00f1a\" \/>\n<meta property=\"og:description\" content=\"L\u00edderes en odontolog\u00eda residencial para la tercera edad y las personas con diversidad funcional. \u00a1Cont\u00e1ctanos ahora!\" \/>\n<meta property=\"og:url\" content=\"https:\/\/luracare.es\/ca\/2024\/10\/cuideo-servicio-gratuito-ayudas-dependencia\/\" \/>\n<meta property=\"og:site_name\" content=\"Lura Care Espa\u00f1a\" \/>\n<meta property=\"article:published_time\" content=\"2024-10-03T10:27:37+00:00\" \/>\n<meta property=\"article:modified_time\" content=\"2024-10-14T08:31:58+00:00\" \/>\n<meta property=\"og:image\" content=\"https:\/\/luracare.es\/wp-content\/uploads\/2024\/10\/LuraCare-ES-Noticias-Cuideo_ayudas_dependencia-1200x600-1.jpg\" \/>\n\t<meta property=\"og:image:width\" content=\"1200\" \/>\n\t<meta property=\"og:image:height\" content=\"600\" \/>\n\t<meta property=\"og:image:type\" content=\"image\/jpeg\" \/>\n<meta name=\"author\" content=\"Ramon Prats\" \/>\n<meta name=\"twitter:card\" content=\"summary_large_image\" \/>\n<meta name=\"twitter:label1\" content=\"Escrit per\" \/>\n\t<meta name=\"twitter:data1\" content=\"Ramon Prats\" \/>\n\t<meta name=\"twitter:label2\" content=\"Temps estimat de lectura\" \/>\n\t<meta name=\"twitter:data2\" content=\"2 minuts\" \/>\n<script type=\"application\/ld+json\" class=\"yoast-schema-graph\">{\"@context\":\"https:\\\/\\\/schema.org\",\"@graph\":[{\"@type\":\"Article\",\"@id\":\"https:\\\/\\\/luracare.es\\\/es_es\\\/2024\\\/10\\\/cuideo-servicio-gratuito-ayudas-dependencia\\\/#article\",\"isPartOf\":{\"@id\":\"https:\\\/\\\/luracare.es\\\/es_es\\\/2024\\\/10\\\/cuideo-servicio-gratuito-ayudas-dependencia\\\/\"},\"author\":{\"name\":\"Ramon Prats\",\"@id\":\"https:\\\/\\\/luracare.es\\\/ca\\\/#\\\/schema\\\/person\\\/481791a2cec057d87c344bde8cbe83a7\"},\"headline\":\"Nuevo servicio gratuito de asesoramiento de ayudas para la dependencia\",\"datePublished\":\"2024-10-03T10:27:37+00:00\",\"dateModified\":\"2024-10-14T08:31:58+00:00\",\"mainEntityOfPage\":{\"@id\":\"https:\\\/\\\/luracare.es\\\/es_es\\\/2024\\\/10\\\/cuideo-servicio-gratuito-ayudas-dependencia\\\/\"},\"wordCount\":370,\"publisher\":{\"@id\":\"https:\\\/\\\/luracare.es\\\/ca\\\/#organization\"},\"image\":{\"@id\":\"https:\\\/\\\/luracare.es\\\/es_es\\\/2024\\\/10\\\/cuideo-servicio-gratuito-ayudas-dependencia\\\/#primaryimage\"},\"thumbnailUrl\":\"https:\\\/\\\/luracare.es\\\/wp-content\\\/uploads\\\/2024\\\/10\\\/LuraCare-ES-Noticias-Cuideo_ayudas_dependencia-1200x600-1.jpg\",\"keywords\":[\"dependencia\",\"discapacidad\",\"diversidad funcional\",\"Ley de Dependencia\",\"personas mayores\",\"salud\",\"servicio domiciliario\"],\"articleSection\":[\"Noticias\"],\"inLanguage\":\"ca\"},{\"@type\":\"WebPage\",\"@id\":\"https:\\\/\\\/luracare.es\\\/es_es\\\/2024\\\/10\\\/cuideo-servicio-gratuito-ayudas-dependencia\\\/\",\"url\":\"https:\\\/\\\/luracare.es\\\/es_es\\\/2024\\\/10\\\/cuideo-servicio-gratuito-ayudas-dependencia\\\/\",\"name\":\"Nuevo servicio gratuito de asesoramiento de ayudas para la dependencia - Lura Care Espa\u00f1a\",\"isPartOf\":{\"@id\":\"https:\\\/\\\/luracare.es\\\/ca\\\/#website\"},\"primaryImageOfPage\":{\"@id\":\"https:\\\/\\\/luracare.es\\\/es_es\\\/2024\\\/10\\\/cuideo-servicio-gratuito-ayudas-dependencia\\\/#primaryimage\"},\"image\":{\"@id\":\"https:\\\/\\\/luracare.es\\\/es_es\\\/2024\\\/10\\\/cuideo-servicio-gratuito-ayudas-dependencia\\\/#primaryimage\"},\"thumbnailUrl\":\"https:\\\/\\\/luracare.es\\\/wp-content\\\/uploads\\\/2024\\\/10\\\/LuraCare-ES-Noticias-Cuideo_ayudas_dependencia-1200x600-1.jpg\",\"datePublished\":\"2024-10-03T10:27:37+00:00\",\"dateModified\":\"2024-10-14T08:31:58+00:00\",\"description\":\"L\u00edderes en odontolog\u00eda residencial para la tercera edad y las personas con diversidad funcional. \u00a1Cont\u00e1ctanos ahora!\",\"breadcrumb\":{\"@id\":\"https:\\\/\\\/luracare.es\\\/es_es\\\/2024\\\/10\\\/cuideo-servicio-gratuito-ayudas-dependencia\\\/#breadcrumb\"},\"inLanguage\":\"ca\",\"potentialAction\":[{\"@type\":\"ReadAction\",\"target\":[\"https:\\\/\\\/luracare.es\\\/es_es\\\/2024\\\/10\\\/cuideo-servicio-gratuito-ayudas-dependencia\\\/\"]}]},{\"@type\":\"ImageObject\",\"inLanguage\":\"ca\",\"@id\":\"https:\\\/\\\/luracare.es\\\/es_es\\\/2024\\\/10\\\/cuideo-servicio-gratuito-ayudas-dependencia\\\/#primaryimage\",\"url\":\"https:\\\/\\\/luracare.es\\\/wp-content\\\/uploads\\\/2024\\\/10\\\/LuraCare-ES-Noticias-Cuideo_ayudas_dependencia-1200x600-1.jpg\",\"contentUrl\":\"https:\\\/\\\/luracare.es\\\/wp-content\\\/uploads\\\/2024\\\/10\\\/LuraCare-ES-Noticias-Cuideo_ayudas_dependencia-1200x600-1.jpg\",\"width\":1200,\"height\":600,\"caption\":\"Servicio de tramitaci\u00f3n de ayudas para la dependencia\"},{\"@type\":\"BreadcrumbList\",\"@id\":\"https:\\\/\\\/luracare.es\\\/es_es\\\/2024\\\/10\\\/cuideo-servicio-gratuito-ayudas-dependencia\\\/#breadcrumb\",\"itemListElement\":[{\"@type\":\"ListItem\",\"position\":1,\"name\":\"Portada\",\"item\":\"https:\\\/\\\/luracare.es\\\/ca\\\/\"},{\"@type\":\"ListItem\",\"position\":2,\"name\":\"Nuevo servicio gratuito de asesoramiento de ayudas para la dependencia\"}]},{\"@type\":\"WebSite\",\"@id\":\"https:\\\/\\\/luracare.es\\\/ca\\\/#website\",\"url\":\"https:\\\/\\\/luracare.es\\\/ca\\\/\",\"name\":\"Lura Care - La asistencia domiciliaria que necesitas\",\"description\":\"L\u00edderes en odontolog\u00eda residencial para la tercera edad y las personas con diversidad funcional.\",\"publisher\":{\"@id\":\"https:\\\/\\\/luracare.es\\\/ca\\\/#organization\"},\"alternateName\":\"Lura Care\",\"potentialAction\":[{\"@type\":\"SearchAction\",\"target\":{\"@type\":\"EntryPoint\",\"urlTemplate\":\"https:\\\/\\\/luracare.es\\\/ca\\\/?s={search_term_string}\"},\"query-input\":{\"@type\":\"PropertyValueSpecification\",\"valueRequired\":true,\"valueName\":\"search_term_string\"}}],\"inLanguage\":\"ca\"},{\"@type\":\"Organization\",\"@id\":\"https:\\\/\\\/luracare.es\\\/ca\\\/#organization\",\"name\":\"Lura Care\",\"alternateName\":\"DENTAL RESIDENCY S.L.\",\"url\":\"https:\\\/\\\/luracare.es\\\/ca\\\/\",\"logo\":{\"@type\":\"ImageObject\",\"inLanguage\":\"ca\",\"@id\":\"https:\\\/\\\/luracare.es\\\/ca\\\/#\\\/schema\\\/logo\\\/image\\\/\",\"url\":\"https:\\\/\\\/luracare.es\\\/wp-content\\\/uploads\\\/2023\\\/10\\\/Lura_Care_Bringing_Health_To-Your_Home_h1_claim.png\",\"contentUrl\":\"https:\\\/\\\/luracare.es\\\/wp-content\\\/uploads\\\/2023\\\/10\\\/Lura_Care_Bringing_Health_To-Your_Home_h1_claim.png\",\"width\":3290,\"height\":943,\"caption\":\"Lura Care\"},\"image\":{\"@id\":\"https:\\\/\\\/luracare.es\\\/ca\\\/#\\\/schema\\\/logo\\\/image\\\/\"}},{\"@type\":\"Person\",\"@id\":\"https:\\\/\\\/luracare.es\\\/ca\\\/#\\\/schema\\\/person\\\/481791a2cec057d87c344bde8cbe83a7\",\"name\":\"Ramon Prats\",\"image\":{\"@type\":\"ImageObject\",\"inLanguage\":\"ca\",\"@id\":\"https:\\\/\\\/secure.gravatar.com\\\/avatar\\\/c626816712aa8911daa37bd8129f436f3b1b4c74d0ef5669f69af79994f3648d?s=96&d=wavatar&r=g\",\"url\":\"https:\\\/\\\/secure.gravatar.com\\\/avatar\\\/c626816712aa8911daa37bd8129f436f3b1b4c74d0ef5669f69af79994f3648d?s=96&d=wavatar&r=g\",\"contentUrl\":\"https:\\\/\\\/secure.gravatar.com\\\/avatar\\\/c626816712aa8911daa37bd8129f436f3b1b4c74d0ef5669f69af79994f3648d?s=96&d=wavatar&r=g\",\"caption\":\"Ramon Prats\"},\"url\":\"https:\\\/\\\/luracare.es\\\/ca\\\/author\\\/rprats\\\/\"}]}<\/script>\n<!-- \/ Yoast SEO plugin. -->","yoast_head_json":{"title":"Nou servei gratu\u00eft d&#039;assessorament d&#039;ajuts per a la depend\u00e8ncia - Lura Care Espa\u00f1a","description":"L\u00edders en odontologia residencial per a gent gran i les persones amb diversitat funcional. Contacta&#039;ns ara!","robots":{"index":"index","follow":"follow","max-snippet":"max-snippet:-1","max-image-preview":"max-image-preview:large","max-video-preview":"max-video-preview:-1"},"canonical":"https:\/\/luracare.es\/ca\/2024\/10\/cuideo-servicio-gratuito-ayudas-dependencia\/","og_locale":"ca_ES","og_type":"article","og_title":"Nuevo servicio gratuito de asesoramiento de ayudas para la dependencia - Lura Care Espa\u00f1a","og_description":"L\u00edderes en odontolog\u00eda residencial para la tercera edad y las personas con diversidad funcional. \u00a1Cont\u00e1ctanos ahora!","og_url":"https:\/\/luracare.es\/ca\/2024\/10\/cuideo-servicio-gratuito-ayudas-dependencia\/","og_site_name":"Lura Care Espa\u00f1a","article_published_time":"2024-10-03T10:27:37+00:00","article_modified_time":"2024-10-14T08:31:58+00:00","og_image":[{"width":1200,"height":600,"url":"https:\/\/luracare.es\/wp-content\/uploads\/2024\/10\/LuraCare-ES-Noticias-Cuideo_ayudas_dependencia-1200x600-1.jpg","type":"image\/jpeg"}],"author":"Ramon Prats","twitter_card":"summary_large_image","twitter_misc":{"Escrit per":"Ramon Prats","Temps estimat de lectura":"2 minuts"},"schema":{"@context":"https:\/\/schema.org","@graph":[{"@type":"Article","@id":"https:\/\/luracare.es\/es_es\/2024\/10\/cuideo-servicio-gratuito-ayudas-dependencia\/#article","isPartOf":{"@id":"https:\/\/luracare.es\/es_es\/2024\/10\/cuideo-servicio-gratuito-ayudas-dependencia\/"},"author":{"name":"Ramon Prats","@id":"https:\/\/luracare.es\/ca\/#\/schema\/person\/481791a2cec057d87c344bde8cbe83a7"},"headline":"Nuevo servicio gratuito de asesoramiento de ayudas para la dependencia","datePublished":"2024-10-03T10:27:37+00:00","dateModified":"2024-10-14T08:31:58+00:00","mainEntityOfPage":{"@id":"https:\/\/luracare.es\/es_es\/2024\/10\/cuideo-servicio-gratuito-ayudas-dependencia\/"},"wordCount":370,"publisher":{"@id":"https:\/\/luracare.es\/ca\/#organization"},"image":{"@id":"https:\/\/luracare.es\/es_es\/2024\/10\/cuideo-servicio-gratuito-ayudas-dependencia\/#primaryimage"},"thumbnailUrl":"https:\/\/luracare.es\/wp-content\/uploads\/2024\/10\/LuraCare-ES-Noticias-Cuideo_ayudas_dependencia-1200x600-1.jpg","keywords":["dependencia","discapacidad","diversidad funcional","Ley de Dependencia","personas mayores","salud","servicio domiciliario"],"articleSection":["Noticias"],"inLanguage":"ca"},{"@type":"WebPage","@id":"https:\/\/luracare.es\/es_es\/2024\/10\/cuideo-servicio-gratuito-ayudas-dependencia\/","url":"https:\/\/luracare.es\/es_es\/2024\/10\/cuideo-servicio-gratuito-ayudas-dependencia\/","name":"Nou servei gratu\u00eft d&#039;assessorament d&#039;ajuts per a la depend\u00e8ncia - Lura Care Espa\u00f1a","isPartOf":{"@id":"https:\/\/luracare.es\/ca\/#website"},"primaryImageOfPage":{"@id":"https:\/\/luracare.es\/es_es\/2024\/10\/cuideo-servicio-gratuito-ayudas-dependencia\/#primaryimage"},"image":{"@id":"https:\/\/luracare.es\/es_es\/2024\/10\/cuideo-servicio-gratuito-ayudas-dependencia\/#primaryimage"},"thumbnailUrl":"https:\/\/luracare.es\/wp-content\/uploads\/2024\/10\/LuraCare-ES-Noticias-Cuideo_ayudas_dependencia-1200x600-1.jpg","datePublished":"2024-10-03T10:27:37+00:00","dateModified":"2024-10-14T08:31:58+00:00","description":"L\u00edders en odontologia residencial per a gent gran i les persones amb diversitat funcional. Contacta&#039;ns ara!","breadcrumb":{"@id":"https:\/\/luracare.es\/es_es\/2024\/10\/cuideo-servicio-gratuito-ayudas-dependencia\/#breadcrumb"},"inLanguage":"ca","potentialAction":[{"@type":"ReadAction","target":["https:\/\/luracare.es\/es_es\/2024\/10\/cuideo-servicio-gratuito-ayudas-dependencia\/"]}]},{"@type":"ImageObject","inLanguage":"ca","@id":"https:\/\/luracare.es\/es_es\/2024\/10\/cuideo-servicio-gratuito-ayudas-dependencia\/#primaryimage","url":"https:\/\/luracare.es\/wp-content\/uploads\/2024\/10\/LuraCare-ES-Noticias-Cuideo_ayudas_dependencia-1200x600-1.jpg","contentUrl":"https:\/\/luracare.es\/wp-content\/uploads\/2024\/10\/LuraCare-ES-Noticias-Cuideo_ayudas_dependencia-1200x600-1.jpg","width":1200,"height":600,"caption":"Servicio de tramitaci\u00f3n de ayudas para la dependencia"},{"@type":"BreadcrumbList","@id":"https:\/\/luracare.es\/es_es\/2024\/10\/cuideo-servicio-gratuito-ayudas-dependencia\/#breadcrumb","itemListElement":[{"@type":"ListItem","position":1,"name":"Portada","item":"https:\/\/luracare.es\/ca\/"},{"@type":"ListItem","position":2,"name":"Nuevo servicio gratuito de asesoramiento de ayudas para la dependencia"}]},{"@type":"WebSite","@id":"https:\/\/luracare.es\/ca\/#website","url":"https:\/\/luracare.es\/ca\/","name":"Lura Care - L&#039;assist\u00e8ncia domicili\u00e0ria que necessites","description":"L\u00edders en odontologia residencial per a gent gran i les persones amb diversitat funcional.","publisher":{"@id":"https:\/\/luracare.es\/ca\/#organization"},"alternateName":"Lura Care","potentialAction":[{"@type":"SearchAction","target":{"@type":"EntryPoint","urlTemplate":"https:\/\/luracare.es\/ca\/?s={search_term_string}"},"query-input":{"@type":"PropertyValueSpecification","valueRequired":true,"valueName":"search_term_string"}}],"inLanguage":"ca"},{"@type":"Organization","@id":"https:\/\/luracare.es\/ca\/#organization","name":"Lura Care","alternateName":"DENTAL RESIDENCY S.L.","url":"https:\/\/luracare.es\/ca\/","logo":{"@type":"ImageObject","inLanguage":"ca","@id":"https:\/\/luracare.es\/ca\/#\/schema\/logo\/image\/","url":"https:\/\/luracare.es\/wp-content\/uploads\/2023\/10\/Lura_Care_Bringing_Health_To-Your_Home_h1_claim.png","contentUrl":"https:\/\/luracare.es\/wp-content\/uploads\/2023\/10\/Lura_Care_Bringing_Health_To-Your_Home_h1_claim.png","width":3290,"height":943,"caption":"Lura Care"},"image":{"@id":"https:\/\/luracare.es\/ca\/#\/schema\/logo\/image\/"}},{"@type":"Person","@id":"https:\/\/luracare.es\/ca\/#\/schema\/person\/481791a2cec057d87c344bde8cbe83a7","name":"Ramon Prats","image":{"@type":"ImageObject","inLanguage":"ca","@id":"https:\/\/secure.gravatar.com\/avatar\/c626816712aa8911daa37bd8129f436f3b1b4c74d0ef5669f69af79994f3648d?s=96&d=wavatar&r=g","url":"https:\/\/secure.gravatar.com\/avatar\/c626816712aa8911daa37bd8129f436f3b1b4c74d0ef5669f69af79994f3648d?s=96&d=wavatar&r=g","contentUrl":"https:\/\/secure.gravatar.com\/avatar\/c626816712aa8911daa37bd8129f436f3b1b4c74d0ef5669f69af79994f3648d?s=96&d=wavatar&r=g","caption":"Ramon Prats"},"url":"https:\/\/luracare.es\/ca\/author\/rprats\/"}]}},"_links":{"self":[{"href":"https:\/\/luracare.es\/ca\/wp-json\/wp\/v2\/posts\/4349","targetHints":{"allow":["GET"]}}],"collection":[{"href":"https:\/\/luracare.es\/ca\/wp-json\/wp\/v2\/posts"}],"about":[{"href":"https:\/\/luracare.es\/ca\/wp-json\/wp\/v2\/types\/post"}],"author":[{"embeddable":true,"href":"https:\/\/luracare.es\/ca\/wp-json\/wp\/v2\/users\/3"}],"replies":[{"embeddable":true,"href":"https:\/\/luracare.es\/ca\/wp-json\/wp\/v2\/comments?post=4349"}],"version-history":[{"count":5,"href":"https:\/\/luracare.es\/ca\/wp-json\/wp\/v2\/posts\/4349\/revisions"}],"predecessor-version":[{"id":4397,"href":"https:\/\/luracare.es\/ca\/wp-json\/wp\/v2\/posts\/4349\/revisions\/4397"}],"wp:featuredmedia":[{"embeddable":true,"href":"https:\/\/luracare.es\/ca\/wp-json\/wp\/v2\/media\/4350"}],"wp:attachment":[{"href":"https:\/\/luracare.es\/ca\/wp-json\/wp\/v2\/media?parent=4349"}],"wp:term":[{"taxonomy":"category","embeddable":true,"href":"https:\/\/luracare.es\/ca\/wp-json\/wp\/v2\/categories?post=4349"},{"taxonomy":"post_tag","embeddable":true,"href":"https:\/\/luracare.es\/ca\/wp-json\/wp\/v2\/tags?post=4349"}],"curies":[{"name":"wp","href":"https:\/\/api.w.org\/{rel}","templated":true}]}}