{"id":4501,"date":"2024-11-04T09:07:03","date_gmt":"2024-11-04T09:07:03","guid":{"rendered":"https:\/\/luracare.es\/?p=4501"},"modified":"2025-04-22T07:38:56","modified_gmt":"2025-04-22T07:38:56","slug":"servicios-audiologia-residencias-centros-de-dia","status":"publish","type":"post","link":"https:\/\/luracare.es\/ca\/2024\/11\/servicios-audiologia-residencias-centros-de-dia\/","title":{"rendered":"Nova campanya per impulsar l\u00b4audiologia a nivell residencial"},"content":{"rendered":"<p class=\"has-base-color has-text-color has-link-color wp-elements-4294bad4a3fd8cf375140edfc0d68120\"><strong>04\/11\/2024<\/strong><\/p>\n\n\n\n<p>Des de <a href=\"https:\/\/luracare.es\/ca\/\" target=\"_blank\" rel=\"noreferrer noopener\">Lura Care<\/a>, i en col\u00b7laboraci\u00f3 amb <a href=\"https:\/\/luracare.es\/ca\/servicios-en-residencias\/\" target=\"_blank\" rel=\"noreferrer noopener\">Alain Afflelou<\/a>, hem posat en marxa una nova campanya informativa per donar a con\u00e8ixer els <strong>serveis d&#039;audiologia a nivell residencial<\/strong> entre les resid\u00e8ncies i centres de dia amb qu\u00e8 col\u00b7laborem, a trav\u00e9s de la nostra l\u00ednia de serveis <a href=\"https:\/\/luracare.es\/ca\/servicios-en-residencias\/\">Lura Hearing<\/a>.<\/p>\n\n\n\n<p>Com vam veure en un article anterior sobre les <a href=\"https:\/\/luracare.es\/ca\/2024\/02\/causas-de-la-perdida-auditiva-en-la-tercera-edad\/\" target=\"_blank\" rel=\"noreferrer noopener\">causes de la p\u00e8rdua auditiva a la tercera edat<\/a>, aquesta disminuci\u00f3 de la capacitat d&#039;audici\u00f3 \u00e9s<strong> molt com\u00fa a partir dels 65 anys<\/strong>, ja que es tracta d&#039;un proc\u00e9s gradual associat a l&#039;edat.<\/p>\n\n\n\n<p>Aix\u00f2 \u00e9s degut tant a factors org\u00e0nics com la&nbsp;<a href=\"https:\/\/www.nidcd.nih.gov\/es\/espanol\/perdida-de-audicion-relacionada-con-la-edad\" target=\"_blank\" rel=\"noreferrer noopener\">presbiac\u00fasia o p\u00e8rdua d&#039;audici\u00f3 associada a l&#039;edat<\/a>, com a factors externs com l&#039;exposici\u00f3 al soroll, determinades malalties cr\u00f2niques, o la presa de diversos tipus de medicacions.<\/p>\n\n\n\n<p>Sigui quin sigui el motiu, aquesta p\u00e8rdua auditiva pot tenir un <strong>important impacte en la vida quotidiana de les persones afectades<\/strong>, a causa de les dificultats per entendre la parla, comunicar-se o participar en activitats socials. I moltes persones dependents o amb problemes de mobilitat no es poden despla\u00e7ar fins a un centre audiol\u00f2gic per rebre l&#039;atenci\u00f3 que necessiten.<\/p>\n\n\n\n<p class=\"has-base-color has-text-color has-link-color wp-elements-64129f44ada3191d639e2dd50d42e0de\">Per aquest motiu, i amb el lema <strong><em>\u201cT&#039;agrada escoltar qu\u00e8 t&#039;estimen? A ells tamb\u00e9\u201d<\/em><\/strong>, la campanya informativa vol sensibilitzar sobre la import\u00e0ncia d&#039;una audici\u00f3 adequada entre la gent gran per preservar la seva autonomia i qualitat de vida. I ho fem <strong>oferint a m\u00e9s una s\u00e8rie d&#039;avantatges a les persones usu\u00e0ries i les seves fam\u00edlies<\/strong> dels centres amb qu\u00e8 col\u00b7laborem.<\/p>\n\n\n\n<h5 class=\"wp-block-heading has-primary-color has-text-color has-link-color wp-elements-259a5292c41856d85612fefc15280660\">Valoraci\u00f3 gratu\u00efta<\/h5>\n\n\n\n<p class=\"has-base-color has-text-color has-link-color wp-elements-7911e2189efa00651dacbad8172deb30\">Duem a terme una comunicaci\u00f3 telem\u00e0tica inicial per atendre les necessitats dels pacients, i despr\u00e9s els fem arribar una proposta personalitzada sense cost ni comprom\u00eds.<\/p>\n\n\n\n<h5 class=\"wp-block-heading has-primary-color has-text-color has-link-color wp-elements-322b1906ab930b5d1a39a92ceee45905\">Les millors solucions auditives<\/h5>\n\n\n\n<p class=\"has-base-color has-text-color has-link-color wp-elements-275380dd2f31c5861aeba6a58f8c6119\">Posem a disposici\u00f3 dels pacients tots els nostres productes auditius, comptant amb la darrera tecnologia en audi\u00f2fons, per donar-los el millor servei i adaptant-nos a les necessitats de cada persona.<\/p>\n\n\n\n<h5 class=\"wp-block-heading has-primary-color has-text-color has-link-color wp-elements-defa4577de5f2aebd59c7016680c9c82\">Finan\u00e7ament flexible<\/h5>\n\n\n\n<p class=\"has-base-color has-text-color has-link-color wp-elements-4616bf7c357129f5a8b47581ed467502\">Oferim opcions de pagament fraccionat perqu\u00e8 cap persona no es quedi sense l&#039;atenci\u00f3 que necessita per motius econ\u00f2mics.<\/p>\n\n\n\n<h5 class=\"wp-block-heading has-primary-color has-text-color has-link-color wp-elements-a3eabb2028a64cfa339716c09708b1f3\">Regal exclusiu<\/h5>\n\n\n\n<p>Obsequiem amb una manta de primera qualitat a totes les persones que contractin qualsevol dels nostres tractaments d&#039;audiologia.<\/p>\n\n\n\n<p>A <a href=\"https:\/\/luracare.es\/ca\/\" target=\"_blank\" rel=\"noreferrer noopener\">Lura Care<\/a> ens esforcem en <strong>continuar innovant i aportant solucions per a totes les persones dependents o amb problemes de mobilitat<\/strong>, portant els serveis de salut fins al seu domicili per aconseguir que puguin gaudir d&#039;una \u00f2ptima salut, benestar i qualitat de vida.<\/p>\n\n\n\n<p>Per a m\u00e9s informaci\u00f3:<\/p>\n\n\n\n<p>Contactar per <a href=\"https:\/\/api.whatsapp.com\/send\/?phone=34663849270&amp;text&amp;type=phone_number&amp;app_absent=0\" target=\"_blank\" rel=\"noreferrer noopener\">WhatsApp<\/a><\/p>\n\n\n\n<p>Contactar per tel\u00e8fon: 902 002 216<\/p>\n\n\n\n<p>Contactar per correu: <a href=\"mailto:audiologia@luracare.es\" target=\"_blank\" rel=\"noreferrer noopener\">audiologia@luracare.es<\/a><\/p>\n\n\n\n<div style=\"height:50px\" aria-hidden=\"true\" class=\"wp-block-spacer\"><\/div>\n\n\n\n<p><\/p>","protected":false},"excerpt":{"rendered":"<p>Des de Lura Care, i en col\u00b7laboraci\u00f3 amb Alain Afflelou, hem engegat una nova campanya informativa per donar a con\u00e8ixer els serveis d&#039;audiologia a nivell residencial entre les resid\u00e8ncies i centres de dia amb qu\u00e8 col\u00b7laborem, a trav\u00e9s de la nostra l\u00ednia de serveis Lura Hearing. <a class=\"continue\" href=\"https:\/\/luracare.es\/ca\/2024\/11\/servicios-audiologia-residencias-centros-de-dia\/\">Continue Reading<span> Nova campanya per impulsar l\u00b4audiologia a nivell residencial<\/span><\/a><\/p>","protected":false},"author":3,"featured_media":4502,"comment_status":"open","ping_status":"open","sticky":false,"template":"","format":"standard","meta":{"_coblocks_attr":"","_coblocks_dimensions":"","_coblocks_responsive_height":"","_coblocks_accordion_ie_support":"","footnotes":""},"categories":[19],"tags":[26,34,36,28,33,188,32,41],"class_list":["post-4501","post","type-post","status-publish","format-standard","has-post-thumbnail","hentry","category-noticias","tag-audiologia","tag-centros-de-dia","tag-dependencia","tag-personas-mayores","tag-residencias","tag-salud-domiciliaria","tag-servicio-domiciliario","tag-tercera-edad"],"yoast_head":"<!-- This site is optimized with the Yoast SEO plugin v27.5 - https:\/\/yoast.com\/product\/yoast-seo-wordpress\/ -->\n<title>Nueva campa\u00f1a para impulsar la audiolog\u00eda a nivel residencial - Lura Care Espa\u00f1a<\/title>\n<meta name=\"description\" content=\"Lanzamos una nueva campa\u00f1a informativa para dar a conocer los servicios de audiolog\u00eda domiciliaria entre las residencias y centros de d\u00eda.\" \/>\n<meta name=\"robots\" content=\"index, follow, max-snippet:-1, max-image-preview:large, max-video-preview:-1\" \/>\n<link rel=\"canonical\" href=\"https:\/\/luracare.es\/ca\/2024\/11\/servicios-audiologia-residencias-centros-de-dia\/\" \/>\n<meta property=\"og:locale\" content=\"ca_ES\" \/>\n<meta property=\"og:type\" content=\"article\" \/>\n<meta property=\"og:title\" content=\"Nueva campa\u00f1a para impulsar la audiolog\u00eda a nivel residencial - Lura Care Espa\u00f1a\" \/>\n<meta property=\"og:description\" content=\"Lanzamos una nueva campa\u00f1a informativa para dar a conocer los servicios de audiolog\u00eda domiciliaria entre las residencias y centros de d\u00eda.\" \/>\n<meta property=\"og:url\" content=\"https:\/\/luracare.es\/ca\/2024\/11\/servicios-audiologia-residencias-centros-de-dia\/\" \/>\n<meta property=\"og:site_name\" content=\"Lura Care Espa\u00f1a\" \/>\n<meta property=\"article:published_time\" content=\"2024-11-04T09:07:03+00:00\" \/>\n<meta property=\"article:modified_time\" content=\"2025-04-22T07:38:56+00:00\" \/>\n<meta property=\"og:image\" content=\"https:\/\/luracare.es\/wp-content\/uploads\/2024\/11\/LuraCare-ES-Noticias-Campana_audiologia_Afflelou-1200x600-1.jpg\" \/>\n\t<meta property=\"og:image:width\" content=\"1200\" \/>\n\t<meta property=\"og:image:height\" content=\"600\" \/>\n\t<meta property=\"og:image:type\" content=\"image\/jpeg\" \/>\n<meta name=\"author\" content=\"Ramon Prats\" \/>\n<meta name=\"twitter:card\" content=\"summary_large_image\" \/>\n<meta name=\"twitter:label1\" content=\"Escrit per\" \/>\n\t<meta name=\"twitter:data1\" content=\"Ramon Prats\" \/>\n\t<meta name=\"twitter:label2\" content=\"Temps estimat de lectura\" \/>\n\t<meta name=\"twitter:data2\" content=\"3 minuts\" \/>\n<script type=\"application\/ld+json\" class=\"yoast-schema-graph\">{\"@context\":\"https:\\\/\\\/schema.org\",\"@graph\":[{\"@type\":\"Article\",\"@id\":\"https:\\\/\\\/luracare.es\\\/es_es\\\/2024\\\/11\\\/servicios-audiologia-residencias-centros-de-dia\\\/#article\",\"isPartOf\":{\"@id\":\"https:\\\/\\\/luracare.es\\\/es_es\\\/2024\\\/11\\\/servicios-audiologia-residencias-centros-de-dia\\\/\"},\"author\":{\"name\":\"Ramon Prats\",\"@id\":\"https:\\\/\\\/luracare.es\\\/ca\\\/#\\\/schema\\\/person\\\/481791a2cec057d87c344bde8cbe83a7\"},\"headline\":\"Nueva campa\u00f1a para impulsar la audiolog\u00eda a nivel residencial\",\"datePublished\":\"2024-11-04T09:07:03+00:00\",\"dateModified\":\"2025-04-22T07:38:56+00:00\",\"mainEntityOfPage\":{\"@id\":\"https:\\\/\\\/luracare.es\\\/es_es\\\/2024\\\/11\\\/servicios-audiologia-residencias-centros-de-dia\\\/\"},\"wordCount\":466,\"commentCount\":0,\"publisher\":{\"@id\":\"https:\\\/\\\/luracare.es\\\/ca\\\/#organization\"},\"image\":{\"@id\":\"https:\\\/\\\/luracare.es\\\/es_es\\\/2024\\\/11\\\/servicios-audiologia-residencias-centros-de-dia\\\/#primaryimage\"},\"thumbnailUrl\":\"https:\\\/\\\/luracare.es\\\/wp-content\\\/uploads\\\/2024\\\/11\\\/LuraCare-ES-Noticias-Campana_audiologia_Afflelou-1200x600-1.jpg\",\"keywords\":[\"audiolog\u00eda\",\"centros de d\u00eda\",\"dependencia\",\"personas mayores\",\"residencias\",\"salud domiciliaria\",\"servicio domiciliario\",\"tercera edad\"],\"articleSection\":[\"Noticias\"],\"inLanguage\":\"ca\",\"potentialAction\":[{\"@type\":\"CommentAction\",\"name\":\"Comment\",\"target\":[\"https:\\\/\\\/luracare.es\\\/es_es\\\/2024\\\/11\\\/servicios-audiologia-residencias-centros-de-dia\\\/#respond\"]}]},{\"@type\":\"WebPage\",\"@id\":\"https:\\\/\\\/luracare.es\\\/es_es\\\/2024\\\/11\\\/servicios-audiologia-residencias-centros-de-dia\\\/\",\"url\":\"https:\\\/\\\/luracare.es\\\/es_es\\\/2024\\\/11\\\/servicios-audiologia-residencias-centros-de-dia\\\/\",\"name\":\"Nueva campa\u00f1a para impulsar la audiolog\u00eda a nivel residencial - Lura Care Espa\u00f1a\",\"isPartOf\":{\"@id\":\"https:\\\/\\\/luracare.es\\\/ca\\\/#website\"},\"primaryImageOfPage\":{\"@id\":\"https:\\\/\\\/luracare.es\\\/es_es\\\/2024\\\/11\\\/servicios-audiologia-residencias-centros-de-dia\\\/#primaryimage\"},\"image\":{\"@id\":\"https:\\\/\\\/luracare.es\\\/es_es\\\/2024\\\/11\\\/servicios-audiologia-residencias-centros-de-dia\\\/#primaryimage\"},\"thumbnailUrl\":\"https:\\\/\\\/luracare.es\\\/wp-content\\\/uploads\\\/2024\\\/11\\\/LuraCare-ES-Noticias-Campana_audiologia_Afflelou-1200x600-1.jpg\",\"datePublished\":\"2024-11-04T09:07:03+00:00\",\"dateModified\":\"2025-04-22T07:38:56+00:00\",\"description\":\"Lanzamos una nueva campa\u00f1a informativa para dar a conocer los servicios de audiolog\u00eda domiciliaria entre las residencias y centros de d\u00eda.\",\"breadcrumb\":{\"@id\":\"https:\\\/\\\/luracare.es\\\/es_es\\\/2024\\\/11\\\/servicios-audiologia-residencias-centros-de-dia\\\/#breadcrumb\"},\"inLanguage\":\"ca\",\"potentialAction\":[{\"@type\":\"ReadAction\",\"target\":[\"https:\\\/\\\/luracare.es\\\/es_es\\\/2024\\\/11\\\/servicios-audiologia-residencias-centros-de-dia\\\/\"]}]},{\"@type\":\"ImageObject\",\"inLanguage\":\"ca\",\"@id\":\"https:\\\/\\\/luracare.es\\\/es_es\\\/2024\\\/11\\\/servicios-audiologia-residencias-centros-de-dia\\\/#primaryimage\",\"url\":\"https:\\\/\\\/luracare.es\\\/wp-content\\\/uploads\\\/2024\\\/11\\\/LuraCare-ES-Noticias-Campana_audiologia_Afflelou-1200x600-1.jpg\",\"contentUrl\":\"https:\\\/\\\/luracare.es\\\/wp-content\\\/uploads\\\/2024\\\/11\\\/LuraCare-ES-Noticias-Campana_audiologia_Afflelou-1200x600-1.jpg\",\"width\":1200,\"height\":600,\"caption\":\"Desde Lura Care\"},{\"@type\":\"BreadcrumbList\",\"@id\":\"https:\\\/\\\/luracare.es\\\/es_es\\\/2024\\\/11\\\/servicios-audiologia-residencias-centros-de-dia\\\/#breadcrumb\",\"itemListElement\":[{\"@type\":\"ListItem\",\"position\":1,\"name\":\"Portada\",\"item\":\"https:\\\/\\\/luracare.es\\\/ca\\\/\"},{\"@type\":\"ListItem\",\"position\":2,\"name\":\"Nueva campa\u00f1a para impulsar la audiolog\u00eda a nivel residencial\"}]},{\"@type\":\"WebSite\",\"@id\":\"https:\\\/\\\/luracare.es\\\/ca\\\/#website\",\"url\":\"https:\\\/\\\/luracare.es\\\/ca\\\/\",\"name\":\"Lura Care - La asistencia domiciliaria que necesitas\",\"description\":\"L\u00edderes en odontolog\u00eda residencial para la tercera edad y las personas con diversidad funcional.\",\"publisher\":{\"@id\":\"https:\\\/\\\/luracare.es\\\/ca\\\/#organization\"},\"alternateName\":\"Lura Care\",\"potentialAction\":[{\"@type\":\"SearchAction\",\"target\":{\"@type\":\"EntryPoint\",\"urlTemplate\":\"https:\\\/\\\/luracare.es\\\/ca\\\/?s={search_term_string}\"},\"query-input\":{\"@type\":\"PropertyValueSpecification\",\"valueRequired\":true,\"valueName\":\"search_term_string\"}}],\"inLanguage\":\"ca\"},{\"@type\":\"Organization\",\"@id\":\"https:\\\/\\\/luracare.es\\\/ca\\\/#organization\",\"name\":\"Lura Care\",\"alternateName\":\"DENTAL RESIDENCY S.L.\",\"url\":\"https:\\\/\\\/luracare.es\\\/ca\\\/\",\"logo\":{\"@type\":\"ImageObject\",\"inLanguage\":\"ca\",\"@id\":\"https:\\\/\\\/luracare.es\\\/ca\\\/#\\\/schema\\\/logo\\\/image\\\/\",\"url\":\"https:\\\/\\\/luracare.es\\\/wp-content\\\/uploads\\\/2023\\\/10\\\/Lura_Care_Bringing_Health_To-Your_Home_h1_claim.png\",\"contentUrl\":\"https:\\\/\\\/luracare.es\\\/wp-content\\\/uploads\\\/2023\\\/10\\\/Lura_Care_Bringing_Health_To-Your_Home_h1_claim.png\",\"width\":3290,\"height\":943,\"caption\":\"Lura Care\"},\"image\":{\"@id\":\"https:\\\/\\\/luracare.es\\\/ca\\\/#\\\/schema\\\/logo\\\/image\\\/\"}},{\"@type\":\"Person\",\"@id\":\"https:\\\/\\\/luracare.es\\\/ca\\\/#\\\/schema\\\/person\\\/481791a2cec057d87c344bde8cbe83a7\",\"name\":\"Ramon Prats\",\"image\":{\"@type\":\"ImageObject\",\"inLanguage\":\"ca\",\"@id\":\"https:\\\/\\\/secure.gravatar.com\\\/avatar\\\/c626816712aa8911daa37bd8129f436f3b1b4c74d0ef5669f69af79994f3648d?s=96&d=wavatar&r=g\",\"url\":\"https:\\\/\\\/secure.gravatar.com\\\/avatar\\\/c626816712aa8911daa37bd8129f436f3b1b4c74d0ef5669f69af79994f3648d?s=96&d=wavatar&r=g\",\"contentUrl\":\"https:\\\/\\\/secure.gravatar.com\\\/avatar\\\/c626816712aa8911daa37bd8129f436f3b1b4c74d0ef5669f69af79994f3648d?s=96&d=wavatar&r=g\",\"caption\":\"Ramon Prats\"},\"url\":\"https:\\\/\\\/luracare.es\\\/ca\\\/author\\\/rprats\\\/\"}]}<\/script>\n<!-- \/ Yoast SEO plugin. -->","yoast_head_json":{"title":"Nova campanya per impulsar l&#039;audiologia a nivell residencial - Lura Care Espa\u00f1a","description":"Llancem una nova campanya informativa per donar a con\u00e8ixer els serveis d&#039;audiologia domicili\u00e0ria entre les resid\u00e8ncies i els centres de dia.","robots":{"index":"index","follow":"follow","max-snippet":"max-snippet:-1","max-image-preview":"max-image-preview:large","max-video-preview":"max-video-preview:-1"},"canonical":"https:\/\/luracare.es\/ca\/2024\/11\/servicios-audiologia-residencias-centros-de-dia\/","og_locale":"ca_ES","og_type":"article","og_title":"Nueva campa\u00f1a para impulsar la audiolog\u00eda a nivel residencial - Lura Care Espa\u00f1a","og_description":"Lanzamos una nueva campa\u00f1a informativa para dar a conocer los servicios de audiolog\u00eda domiciliaria entre las residencias y centros de d\u00eda.","og_url":"https:\/\/luracare.es\/ca\/2024\/11\/servicios-audiologia-residencias-centros-de-dia\/","og_site_name":"Lura Care Espa\u00f1a","article_published_time":"2024-11-04T09:07:03+00:00","article_modified_time":"2025-04-22T07:38:56+00:00","og_image":[{"width":1200,"height":600,"url":"https:\/\/luracare.es\/wp-content\/uploads\/2024\/11\/LuraCare-ES-Noticias-Campana_audiologia_Afflelou-1200x600-1.jpg","type":"image\/jpeg"}],"author":"Ramon Prats","twitter_card":"summary_large_image","twitter_misc":{"Escrit per":"Ramon Prats","Temps estimat de lectura":"3 minuts"},"schema":{"@context":"https:\/\/schema.org","@graph":[{"@type":"Article","@id":"https:\/\/luracare.es\/es_es\/2024\/11\/servicios-audiologia-residencias-centros-de-dia\/#article","isPartOf":{"@id":"https:\/\/luracare.es\/es_es\/2024\/11\/servicios-audiologia-residencias-centros-de-dia\/"},"author":{"name":"Ramon Prats","@id":"https:\/\/luracare.es\/ca\/#\/schema\/person\/481791a2cec057d87c344bde8cbe83a7"},"headline":"Nueva campa\u00f1a para impulsar la audiolog\u00eda a nivel residencial","datePublished":"2024-11-04T09:07:03+00:00","dateModified":"2025-04-22T07:38:56+00:00","mainEntityOfPage":{"@id":"https:\/\/luracare.es\/es_es\/2024\/11\/servicios-audiologia-residencias-centros-de-dia\/"},"wordCount":466,"commentCount":0,"publisher":{"@id":"https:\/\/luracare.es\/ca\/#organization"},"image":{"@id":"https:\/\/luracare.es\/es_es\/2024\/11\/servicios-audiologia-residencias-centros-de-dia\/#primaryimage"},"thumbnailUrl":"https:\/\/luracare.es\/wp-content\/uploads\/2024\/11\/LuraCare-ES-Noticias-Campana_audiologia_Afflelou-1200x600-1.jpg","keywords":["audiolog\u00eda","centros de d\u00eda","dependencia","personas mayores","residencias","salud domiciliaria","servicio domiciliario","tercera edad"],"articleSection":["Noticias"],"inLanguage":"ca","potentialAction":[{"@type":"CommentAction","name":"Comment","target":["https:\/\/luracare.es\/es_es\/2024\/11\/servicios-audiologia-residencias-centros-de-dia\/#respond"]}]},{"@type":"WebPage","@id":"https:\/\/luracare.es\/es_es\/2024\/11\/servicios-audiologia-residencias-centros-de-dia\/","url":"https:\/\/luracare.es\/es_es\/2024\/11\/servicios-audiologia-residencias-centros-de-dia\/","name":"Nova campanya per impulsar l&#039;audiologia a nivell residencial - Lura Care Espa\u00f1a","isPartOf":{"@id":"https:\/\/luracare.es\/ca\/#website"},"primaryImageOfPage":{"@id":"https:\/\/luracare.es\/es_es\/2024\/11\/servicios-audiologia-residencias-centros-de-dia\/#primaryimage"},"image":{"@id":"https:\/\/luracare.es\/es_es\/2024\/11\/servicios-audiologia-residencias-centros-de-dia\/#primaryimage"},"thumbnailUrl":"https:\/\/luracare.es\/wp-content\/uploads\/2024\/11\/LuraCare-ES-Noticias-Campana_audiologia_Afflelou-1200x600-1.jpg","datePublished":"2024-11-04T09:07:03+00:00","dateModified":"2025-04-22T07:38:56+00:00","description":"Llancem una nova campanya informativa per donar a con\u00e8ixer els serveis d&#039;audiologia domicili\u00e0ria entre les resid\u00e8ncies i els centres de dia.","breadcrumb":{"@id":"https:\/\/luracare.es\/es_es\/2024\/11\/servicios-audiologia-residencias-centros-de-dia\/#breadcrumb"},"inLanguage":"ca","potentialAction":[{"@type":"ReadAction","target":["https:\/\/luracare.es\/es_es\/2024\/11\/servicios-audiologia-residencias-centros-de-dia\/"]}]},{"@type":"ImageObject","inLanguage":"ca","@id":"https:\/\/luracare.es\/es_es\/2024\/11\/servicios-audiologia-residencias-centros-de-dia\/#primaryimage","url":"https:\/\/luracare.es\/wp-content\/uploads\/2024\/11\/LuraCare-ES-Noticias-Campana_audiologia_Afflelou-1200x600-1.jpg","contentUrl":"https:\/\/luracare.es\/wp-content\/uploads\/2024\/11\/LuraCare-ES-Noticias-Campana_audiologia_Afflelou-1200x600-1.jpg","width":1200,"height":600,"caption":"Desde Lura Care"},{"@type":"BreadcrumbList","@id":"https:\/\/luracare.es\/es_es\/2024\/11\/servicios-audiologia-residencias-centros-de-dia\/#breadcrumb","itemListElement":[{"@type":"ListItem","position":1,"name":"Portada","item":"https:\/\/luracare.es\/ca\/"},{"@type":"ListItem","position":2,"name":"Nueva campa\u00f1a para impulsar la audiolog\u00eda a nivel residencial"}]},{"@type":"WebSite","@id":"https:\/\/luracare.es\/ca\/#website","url":"https:\/\/luracare.es\/ca\/","name":"Lura Care - L&#039;assist\u00e8ncia domicili\u00e0ria que necessites","description":"L\u00edders en odontologia residencial per a gent gran i les persones amb diversitat funcional.","publisher":{"@id":"https:\/\/luracare.es\/ca\/#organization"},"alternateName":"Lura Care","potentialAction":[{"@type":"SearchAction","target":{"@type":"EntryPoint","urlTemplate":"https:\/\/luracare.es\/ca\/?s={search_term_string}"},"query-input":{"@type":"PropertyValueSpecification","valueRequired":true,"valueName":"search_term_string"}}],"inLanguage":"ca"},{"@type":"Organization","@id":"https:\/\/luracare.es\/ca\/#organization","name":"Lura Care","alternateName":"DENTAL RESIDENCY S.L.","url":"https:\/\/luracare.es\/ca\/","logo":{"@type":"ImageObject","inLanguage":"ca","@id":"https:\/\/luracare.es\/ca\/#\/schema\/logo\/image\/","url":"https:\/\/luracare.es\/wp-content\/uploads\/2023\/10\/Lura_Care_Bringing_Health_To-Your_Home_h1_claim.png","contentUrl":"https:\/\/luracare.es\/wp-content\/uploads\/2023\/10\/Lura_Care_Bringing_Health_To-Your_Home_h1_claim.png","width":3290,"height":943,"caption":"Lura Care"},"image":{"@id":"https:\/\/luracare.es\/ca\/#\/schema\/logo\/image\/"}},{"@type":"Person","@id":"https:\/\/luracare.es\/ca\/#\/schema\/person\/481791a2cec057d87c344bde8cbe83a7","name":"Ramon Prats","image":{"@type":"ImageObject","inLanguage":"ca","@id":"https:\/\/secure.gravatar.com\/avatar\/c626816712aa8911daa37bd8129f436f3b1b4c74d0ef5669f69af79994f3648d?s=96&d=wavatar&r=g","url":"https:\/\/secure.gravatar.com\/avatar\/c626816712aa8911daa37bd8129f436f3b1b4c74d0ef5669f69af79994f3648d?s=96&d=wavatar&r=g","contentUrl":"https:\/\/secure.gravatar.com\/avatar\/c626816712aa8911daa37bd8129f436f3b1b4c74d0ef5669f69af79994f3648d?s=96&d=wavatar&r=g","caption":"Ramon Prats"},"url":"https:\/\/luracare.es\/ca\/author\/rprats\/"}]}},"_links":{"self":[{"href":"https:\/\/luracare.es\/ca\/wp-json\/wp\/v2\/posts\/4501","targetHints":{"allow":["GET"]}}],"collection":[{"href":"https:\/\/luracare.es\/ca\/wp-json\/wp\/v2\/posts"}],"about":[{"href":"https:\/\/luracare.es\/ca\/wp-json\/wp\/v2\/types\/post"}],"author":[{"embeddable":true,"href":"https:\/\/luracare.es\/ca\/wp-json\/wp\/v2\/users\/3"}],"replies":[{"embeddable":true,"href":"https:\/\/luracare.es\/ca\/wp-json\/wp\/v2\/comments?post=4501"}],"version-history":[{"count":3,"href":"https:\/\/luracare.es\/ca\/wp-json\/wp\/v2\/posts\/4501\/revisions"}],"predecessor-version":[{"id":5488,"href":"https:\/\/luracare.es\/ca\/wp-json\/wp\/v2\/posts\/4501\/revisions\/5488"}],"wp:featuredmedia":[{"embeddable":true,"href":"https:\/\/luracare.es\/ca\/wp-json\/wp\/v2\/media\/4502"}],"wp:attachment":[{"href":"https:\/\/luracare.es\/ca\/wp-json\/wp\/v2\/media?parent=4501"}],"wp:term":[{"taxonomy":"category","embeddable":true,"href":"https:\/\/luracare.es\/ca\/wp-json\/wp\/v2\/categories?post=4501"},{"taxonomy":"post_tag","embeddable":true,"href":"https:\/\/luracare.es\/ca\/wp-json\/wp\/v2\/tags?post=4501"}],"curies":[{"name":"wp","href":"https:\/\/api.w.org\/{rel}","templated":true}]}}