{"id":4605,"date":"2024-11-22T08:13:39","date_gmt":"2024-11-22T08:13:39","guid":{"rendered":"https:\/\/luracare.es\/?p=4605"},"modified":"2024-11-22T08:13:41","modified_gmt":"2024-11-22T08:13:41","slug":"vitaldent-a-domicilio-dentista-en-casa","status":"publish","type":"post","link":"https:\/\/luracare.es\/ca\/2024\/11\/vitaldent-a-domicilio-dentista-en-casa\/","title":{"rendered":"&#039;Vitaldent a domicili&#039; apropa els serveis d&#039;odontologia fins a les llars"},"content":{"rendered":"<p><strong>22\/11\/2024<\/strong><\/p>\n\n\n\n<p>A <a href=\"https:\/\/luracare.es\/ca\/\" target=\"_blank\" rel=\"noreferrer noopener\">Lura Care<\/a> hem treballat sempre per aconseguir que la <strong>odontologia domicili\u00e0ria<\/strong> sigui una realitat per a milers de persones grans i dependents, trencant la barrera de la mobilitat a trav\u00e9s dels nostres <strong>serveis dentals m\u00f2bils<\/strong> i adaptats a les vostres necessitats espec\u00edfiques. Fins ara, la nostra activitat s&#039;ha centrat principalment en resid\u00e8ncies i centres de dia, <strong>donant servei a m\u00e9s de 120.000 persones<\/strong> usu\u00e0ries dels <strong>m\u00e9s de 1.000 centres que ens han brindat la confian\u00e7a<\/strong>.<\/p>\n\n\n\n<p>Per\u00f2 hem d&#039;arribar a totes les persones que ens necessiten siguin on siguin, i per aix\u00f2 hem llan\u00e7at una nova iniciativa en col\u00b7laboraci\u00f3 amb <a href=\"https:\/\/www.vitaldent.com\/es\/\">Vitaldent<\/a> per poder anar un pas m\u00e9s enll\u00e0 per assolir aquest objectiu. <a href=\"https:\/\/www.tuclinicavitaldent.com\/a-domicilio\/index?utm_kw=&amp;utm_medium=&amp;utm_source=&amp;utm_campaign=&amp;utm_content=&amp;utm_paid=&amp;utm_test=&amp;utm_proveedor=&amp;fromTL=no\" target=\"_blank\" rel=\"noreferrer noopener\">&#039;Vitaldent a domicili&#039;<\/a> \u00e9s un <strong>servei d&#039;odontologia a domicilis particulars<\/strong> que oferim en col\u00b7laboraci\u00f3, pensat especialment per a persones amb problemes de mobilitat o en situaci\u00f3 de depend\u00e8ncia.<\/p>\n\n\n\n<p>L&#039;equip d&#039;odont\u00f2legs de <a href=\"https:\/\/luracare.es\/ca\/\" target=\"_blank\" rel=\"noreferrer noopener\">Lura Care<\/a> es despla\u00e7a fins al domicili del pacient amb tot el tot l&#039;instrumental dental port\u00e0til homologat necessari per realitzar prestacions com <strong>revisions dentals<\/strong>, <strong>tractaments preventius<\/strong>, o <strong>neteges i col\u00b7locaci\u00f3 de pr\u00f2tesis removibles<\/strong>. A m\u00e9s, <strong>la primera consulta i el diagn\u00f2stic s\u00f3n completament gratu\u00efts i sense cap mena de comprom\u00eds<\/strong>.<\/p>\n\n\n\n<p>Si b\u00e9 certes prestacions poden realitzar-se al propi domicili, hi ha actuacions com cirurgies o endod\u00f2ncies en qu\u00e8 aix\u00f2 no resulta possible. En aquests casos, els pacients seran derivats a la <a href=\"https:\/\/clinicas.vitaldent.com\/\" target=\"_blank\" rel=\"noreferrer noopener\">\u00e0mplia xarxa de cl\u00edniques dentals Vitaldent<\/a>, la xarxa dental m\u00e9s gran d&#039;Espanya.<\/p>\n\n\n\n<p>Aquest nou servei s&#039;ha posat en marxa en una primera fase a <strong>diversos municipis de l&#039;\u00e0rea metropolitana de Barcelona<\/strong>, per\u00f2 ja estem treballant per ampliar la cobertura a altres zones de Catalunya i de la resta d&#039;Espanya.<\/p>\n\n\n\n<p>Amb <a href=\"https:\/\/www.tuclinicavitaldent.com\/a-domicilio\/index?utm_kw=&amp;utm_medium=&amp;utm_source=&amp;utm_campaign=&amp;utm_content=&amp;utm_paid=&amp;utm_test=&amp;utm_proveedor=&amp;fromTL=no\" target=\"_blank\" rel=\"noreferrer noopener\">&#039;Vitaldent a domicili&#039;<\/a>, ambdues entitats plasmem el nostre comprom\u00eds compartit d&#039;oferir un nou servei d&#039;atenci\u00f3 dental a domicili que combina l&#039;excel\u00b7l\u00e8ncia i l&#039;experi\u00e8ncia de <a href=\"https:\/\/www.vitaldent.com\/es\/\" target=\"_blank\" rel=\"noreferrer noopener\">Vitaldent<\/a>, amb l&#039;atenci\u00f3 personalitzada i accessible de <a href=\"https:\/\/luracare.es\/ca\/\" target=\"_blank\" rel=\"noreferrer noopener\">Lura Care<\/a>. I estem conven\u00e7uts que ser\u00e0 una enorme aportaci\u00f3 a la salut, el benestar i la qualitat de vida de <strong>milers de persones que podran rebre l&#039;atenci\u00f3 odontol\u00f2gica de qualitat que necessiten sense haver de sortir de casa seva<\/strong>.<\/p>\n\n\n\n<p>Consulta aqu\u00ed m\u00e9s informaci\u00f3 sobre <a href=\"https:\/\/www.tuclinicavitaldent.com\/a-domicilio\/index?utm_kw=&amp;utm_medium=&amp;utm_source=&amp;utm_campaign=&amp;utm_content=&amp;utm_paid=&amp;utm_test=&amp;utm_proveedor=&amp;fromTL=no\" target=\"_blank\" rel=\"noreferrer noopener\">&#039;Vitaldent a domicili&#039;<\/a><\/p>\n\n\n\n<div style=\"height:50px\" aria-hidden=\"true\" class=\"wp-block-spacer\"><\/div>\n\n\n\n<p><\/p>","protected":false},"excerpt":{"rendered":"<p>22\/11\/2024 A Lura Care hem treballat sempre per aconseguir que l&#039;odontologia domicili\u00e0ria sigui una realitat per a milers de persones grans i dependents, trencant la barrera de la mobilitat a trav\u00e9s dels nostres serveis dentals m\u00f2bils i adaptats a les seves necessitats espec\u00edfiques. Fins ara, la nostra activitat s&#039;ha centrat principalment en resid\u00e8ncies i centres\u2026 <a class=\"continue\" href=\"https:\/\/luracare.es\/ca\/2024\/11\/vitaldent-a-domicilio-dentista-en-casa\/\">Continue Reading<span> &#039;Vitaldent a domicili&#039; apropa els serveis d&#039;odontologia fins a les llars<\/span><\/a><\/p>","protected":false},"author":3,"featured_media":4606,"comment_status":"open","ping_status":"open","sticky":false,"template":"","format":"standard","meta":{"_coblocks_attr":"","_coblocks_dimensions":"","_coblocks_responsive_height":"","_coblocks_accordion_ie_support":"","footnotes":""},"categories":[19],"tags":[211,36,30,29,25,210,28,67],"class_list":["post-4605","post","type-post","status-publish","format-standard","has-post-thumbnail","hentry","category-noticias","tag-dentista-en-casa","tag-dependencia","tag-discapacidad","tag-diversidad-funcional","tag-odontologia","tag-odontologia-domiciliaria","tag-personas-mayores","tag-salud-a-domicilio"],"yoast_head":"<!-- This site is optimized with the Yoast SEO plugin v27.5 - https:\/\/yoast.com\/product\/yoast-seo-wordpress\/ -->\n<title>\u2018Vitaldent a domicilio\u2019 acerca los servicios de odontolog\u00eda hasta los hogares - Lura Care Espa\u00f1a<\/title>\n<meta name=\"description\" content=\"L\u00edderes en odontolog\u00eda residencial para la tercera edad y las personas con diversidad funcional. \u00a1Cont\u00e1ctanos ahora!\" \/>\n<meta name=\"robots\" content=\"index, follow, max-snippet:-1, max-image-preview:large, max-video-preview:-1\" \/>\n<link rel=\"canonical\" href=\"https:\/\/luracare.es\/ca\/2024\/11\/vitaldent-a-domicilio-dentista-en-casa\/\" \/>\n<meta property=\"og:locale\" content=\"ca_ES\" \/>\n<meta property=\"og:type\" content=\"article\" \/>\n<meta property=\"og:title\" content=\"\u2018Vitaldent a domicilio\u2019 acerca los servicios de odontolog\u00eda hasta los hogares - Lura Care Espa\u00f1a\" \/>\n<meta property=\"og:description\" content=\"L\u00edderes en odontolog\u00eda residencial para la tercera edad y las personas con diversidad funcional. \u00a1Cont\u00e1ctanos ahora!\" \/>\n<meta property=\"og:url\" content=\"https:\/\/luracare.es\/ca\/2024\/11\/vitaldent-a-domicilio-dentista-en-casa\/\" \/>\n<meta property=\"og:site_name\" content=\"Lura Care Espa\u00f1a\" \/>\n<meta property=\"article:published_time\" content=\"2024-11-22T08:13:39+00:00\" \/>\n<meta property=\"article:modified_time\" content=\"2024-11-22T08:13:41+00:00\" \/>\n<meta property=\"og:image\" content=\"https:\/\/luracare.es\/wp-content\/uploads\/2024\/11\/LuraCare-ES-Noticias-Vitaldent_a_domicilio-1200x600-1.jpg\" \/>\n\t<meta property=\"og:image:width\" content=\"1200\" \/>\n\t<meta property=\"og:image:height\" content=\"600\" \/>\n\t<meta property=\"og:image:type\" content=\"image\/jpeg\" \/>\n<meta name=\"author\" content=\"Ramon Prats\" \/>\n<meta name=\"twitter:card\" content=\"summary_large_image\" \/>\n<meta name=\"twitter:label1\" content=\"Escrit per\" \/>\n\t<meta name=\"twitter:data1\" content=\"Ramon Prats\" \/>\n\t<meta name=\"twitter:label2\" content=\"Temps estimat de lectura\" \/>\n\t<meta name=\"twitter:data2\" content=\"2 minuts\" \/>\n<script type=\"application\/ld+json\" class=\"yoast-schema-graph\">{\"@context\":\"https:\\\/\\\/schema.org\",\"@graph\":[{\"@type\":\"Article\",\"@id\":\"https:\\\/\\\/luracare.es\\\/es_es\\\/2024\\\/11\\\/vitaldent-a-domicilio-dentista-en-casa\\\/#article\",\"isPartOf\":{\"@id\":\"https:\\\/\\\/luracare.es\\\/es_es\\\/2024\\\/11\\\/vitaldent-a-domicilio-dentista-en-casa\\\/\"},\"author\":{\"name\":\"Ramon Prats\",\"@id\":\"https:\\\/\\\/luracare.es\\\/ca\\\/#\\\/schema\\\/person\\\/481791a2cec057d87c344bde8cbe83a7\"},\"headline\":\"\u2018Vitaldent a domicilio\u2019 acerca los servicios de odontolog\u00eda hasta los hogares\",\"datePublished\":\"2024-11-22T08:13:39+00:00\",\"dateModified\":\"2024-11-22T08:13:41+00:00\",\"mainEntityOfPage\":{\"@id\":\"https:\\\/\\\/luracare.es\\\/es_es\\\/2024\\\/11\\\/vitaldent-a-domicilio-dentista-en-casa\\\/\"},\"wordCount\":406,\"commentCount\":0,\"publisher\":{\"@id\":\"https:\\\/\\\/luracare.es\\\/ca\\\/#organization\"},\"image\":{\"@id\":\"https:\\\/\\\/luracare.es\\\/es_es\\\/2024\\\/11\\\/vitaldent-a-domicilio-dentista-en-casa\\\/#primaryimage\"},\"thumbnailUrl\":\"https:\\\/\\\/luracare.es\\\/wp-content\\\/uploads\\\/2024\\\/11\\\/LuraCare-ES-Noticias-Vitaldent_a_domicilio-1200x600-1.jpg\",\"keywords\":[\"dentista en casa\",\"dependencia\",\"discapacidad\",\"diversidad funcional\",\"odontolog\u00eda\",\"odontolog\u00eda domiciliaria\",\"personas mayores\",\"salud a domicilio\"],\"articleSection\":[\"Noticias\"],\"inLanguage\":\"ca\",\"potentialAction\":[{\"@type\":\"CommentAction\",\"name\":\"Comment\",\"target\":[\"https:\\\/\\\/luracare.es\\\/es_es\\\/2024\\\/11\\\/vitaldent-a-domicilio-dentista-en-casa\\\/#respond\"]}]},{\"@type\":\"WebPage\",\"@id\":\"https:\\\/\\\/luracare.es\\\/es_es\\\/2024\\\/11\\\/vitaldent-a-domicilio-dentista-en-casa\\\/\",\"url\":\"https:\\\/\\\/luracare.es\\\/es_es\\\/2024\\\/11\\\/vitaldent-a-domicilio-dentista-en-casa\\\/\",\"name\":\"\u2018Vitaldent a domicilio\u2019 acerca los servicios de odontolog\u00eda hasta los hogares - Lura Care Espa\u00f1a\",\"isPartOf\":{\"@id\":\"https:\\\/\\\/luracare.es\\\/ca\\\/#website\"},\"primaryImageOfPage\":{\"@id\":\"https:\\\/\\\/luracare.es\\\/es_es\\\/2024\\\/11\\\/vitaldent-a-domicilio-dentista-en-casa\\\/#primaryimage\"},\"image\":{\"@id\":\"https:\\\/\\\/luracare.es\\\/es_es\\\/2024\\\/11\\\/vitaldent-a-domicilio-dentista-en-casa\\\/#primaryimage\"},\"thumbnailUrl\":\"https:\\\/\\\/luracare.es\\\/wp-content\\\/uploads\\\/2024\\\/11\\\/LuraCare-ES-Noticias-Vitaldent_a_domicilio-1200x600-1.jpg\",\"datePublished\":\"2024-11-22T08:13:39+00:00\",\"dateModified\":\"2024-11-22T08:13:41+00:00\",\"description\":\"L\u00edderes en odontolog\u00eda residencial para la tercera edad y las personas con diversidad funcional. \u00a1Cont\u00e1ctanos ahora!\",\"breadcrumb\":{\"@id\":\"https:\\\/\\\/luracare.es\\\/es_es\\\/2024\\\/11\\\/vitaldent-a-domicilio-dentista-en-casa\\\/#breadcrumb\"},\"inLanguage\":\"ca\",\"potentialAction\":[{\"@type\":\"ReadAction\",\"target\":[\"https:\\\/\\\/luracare.es\\\/es_es\\\/2024\\\/11\\\/vitaldent-a-domicilio-dentista-en-casa\\\/\"]}]},{\"@type\":\"ImageObject\",\"inLanguage\":\"ca\",\"@id\":\"https:\\\/\\\/luracare.es\\\/es_es\\\/2024\\\/11\\\/vitaldent-a-domicilio-dentista-en-casa\\\/#primaryimage\",\"url\":\"https:\\\/\\\/luracare.es\\\/wp-content\\\/uploads\\\/2024\\\/11\\\/LuraCare-ES-Noticias-Vitaldent_a_domicilio-1200x600-1.jpg\",\"contentUrl\":\"https:\\\/\\\/luracare.es\\\/wp-content\\\/uploads\\\/2024\\\/11\\\/LuraCare-ES-Noticias-Vitaldent_a_domicilio-1200x600-1.jpg\",\"width\":1200,\"height\":600,\"caption\":\"Con \u2018Vitaldent a domicilio\u2019, ambas entidades plasmamos nuestro compromiso compartido de ofrecer un nuevo servicio de atenci\u00f3n dental a domicilio que combina la excelencia y experiencia de Vitaldent, con la atenci\u00f3n personalizada y accesible de Lura Care.\"},{\"@type\":\"BreadcrumbList\",\"@id\":\"https:\\\/\\\/luracare.es\\\/es_es\\\/2024\\\/11\\\/vitaldent-a-domicilio-dentista-en-casa\\\/#breadcrumb\",\"itemListElement\":[{\"@type\":\"ListItem\",\"position\":1,\"name\":\"Portada\",\"item\":\"https:\\\/\\\/luracare.es\\\/ca\\\/\"},{\"@type\":\"ListItem\",\"position\":2,\"name\":\"\u2018Vitaldent a domicilio\u2019 acerca los servicios de odontolog\u00eda hasta los hogares\"}]},{\"@type\":\"WebSite\",\"@id\":\"https:\\\/\\\/luracare.es\\\/ca\\\/#website\",\"url\":\"https:\\\/\\\/luracare.es\\\/ca\\\/\",\"name\":\"Lura Care - La asistencia domiciliaria que necesitas\",\"description\":\"L\u00edderes en odontolog\u00eda residencial para la tercera edad y las personas con diversidad funcional.\",\"publisher\":{\"@id\":\"https:\\\/\\\/luracare.es\\\/ca\\\/#organization\"},\"alternateName\":\"Lura Care\",\"potentialAction\":[{\"@type\":\"SearchAction\",\"target\":{\"@type\":\"EntryPoint\",\"urlTemplate\":\"https:\\\/\\\/luracare.es\\\/ca\\\/?s={search_term_string}\"},\"query-input\":{\"@type\":\"PropertyValueSpecification\",\"valueRequired\":true,\"valueName\":\"search_term_string\"}}],\"inLanguage\":\"ca\"},{\"@type\":\"Organization\",\"@id\":\"https:\\\/\\\/luracare.es\\\/ca\\\/#organization\",\"name\":\"Lura Care\",\"alternateName\":\"DENTAL RESIDENCY S.L.\",\"url\":\"https:\\\/\\\/luracare.es\\\/ca\\\/\",\"logo\":{\"@type\":\"ImageObject\",\"inLanguage\":\"ca\",\"@id\":\"https:\\\/\\\/luracare.es\\\/ca\\\/#\\\/schema\\\/logo\\\/image\\\/\",\"url\":\"https:\\\/\\\/luracare.es\\\/wp-content\\\/uploads\\\/2023\\\/10\\\/Lura_Care_Bringing_Health_To-Your_Home_h1_claim.png\",\"contentUrl\":\"https:\\\/\\\/luracare.es\\\/wp-content\\\/uploads\\\/2023\\\/10\\\/Lura_Care_Bringing_Health_To-Your_Home_h1_claim.png\",\"width\":3290,\"height\":943,\"caption\":\"Lura Care\"},\"image\":{\"@id\":\"https:\\\/\\\/luracare.es\\\/ca\\\/#\\\/schema\\\/logo\\\/image\\\/\"}},{\"@type\":\"Person\",\"@id\":\"https:\\\/\\\/luracare.es\\\/ca\\\/#\\\/schema\\\/person\\\/481791a2cec057d87c344bde8cbe83a7\",\"name\":\"Ramon Prats\",\"image\":{\"@type\":\"ImageObject\",\"inLanguage\":\"ca\",\"@id\":\"https:\\\/\\\/secure.gravatar.com\\\/avatar\\\/c626816712aa8911daa37bd8129f436f3b1b4c74d0ef5669f69af79994f3648d?s=96&d=wavatar&r=g\",\"url\":\"https:\\\/\\\/secure.gravatar.com\\\/avatar\\\/c626816712aa8911daa37bd8129f436f3b1b4c74d0ef5669f69af79994f3648d?s=96&d=wavatar&r=g\",\"contentUrl\":\"https:\\\/\\\/secure.gravatar.com\\\/avatar\\\/c626816712aa8911daa37bd8129f436f3b1b4c74d0ef5669f69af79994f3648d?s=96&d=wavatar&r=g\",\"caption\":\"Ramon Prats\"},\"url\":\"https:\\\/\\\/luracare.es\\\/ca\\\/author\\\/rprats\\\/\"}]}<\/script>\n<!-- \/ Yoast SEO plugin. -->","yoast_head_json":{"title":"&#039;Vitaldent a domicili&#039; apropa els serveis d&#039;odontologia fins a les llars - Lura Care Espa\u00f1a","description":"L\u00edders en odontologia residencial per a gent gran i les persones amb diversitat funcional. Contacta&#039;ns ara!","robots":{"index":"index","follow":"follow","max-snippet":"max-snippet:-1","max-image-preview":"max-image-preview:large","max-video-preview":"max-video-preview:-1"},"canonical":"https:\/\/luracare.es\/ca\/2024\/11\/vitaldent-a-domicilio-dentista-en-casa\/","og_locale":"ca_ES","og_type":"article","og_title":"\u2018Vitaldent a domicilio\u2019 acerca los servicios de odontolog\u00eda hasta los hogares - Lura Care Espa\u00f1a","og_description":"L\u00edderes en odontolog\u00eda residencial para la tercera edad y las personas con diversidad funcional. \u00a1Cont\u00e1ctanos ahora!","og_url":"https:\/\/luracare.es\/ca\/2024\/11\/vitaldent-a-domicilio-dentista-en-casa\/","og_site_name":"Lura Care Espa\u00f1a","article_published_time":"2024-11-22T08:13:39+00:00","article_modified_time":"2024-11-22T08:13:41+00:00","og_image":[{"width":1200,"height":600,"url":"https:\/\/luracare.es\/wp-content\/uploads\/2024\/11\/LuraCare-ES-Noticias-Vitaldent_a_domicilio-1200x600-1.jpg","type":"image\/jpeg"}],"author":"Ramon Prats","twitter_card":"summary_large_image","twitter_misc":{"Escrit per":"Ramon Prats","Temps estimat de lectura":"2 minuts"},"schema":{"@context":"https:\/\/schema.org","@graph":[{"@type":"Article","@id":"https:\/\/luracare.es\/es_es\/2024\/11\/vitaldent-a-domicilio-dentista-en-casa\/#article","isPartOf":{"@id":"https:\/\/luracare.es\/es_es\/2024\/11\/vitaldent-a-domicilio-dentista-en-casa\/"},"author":{"name":"Ramon Prats","@id":"https:\/\/luracare.es\/ca\/#\/schema\/person\/481791a2cec057d87c344bde8cbe83a7"},"headline":"\u2018Vitaldent a domicilio\u2019 acerca los servicios de odontolog\u00eda hasta los hogares","datePublished":"2024-11-22T08:13:39+00:00","dateModified":"2024-11-22T08:13:41+00:00","mainEntityOfPage":{"@id":"https:\/\/luracare.es\/es_es\/2024\/11\/vitaldent-a-domicilio-dentista-en-casa\/"},"wordCount":406,"commentCount":0,"publisher":{"@id":"https:\/\/luracare.es\/ca\/#organization"},"image":{"@id":"https:\/\/luracare.es\/es_es\/2024\/11\/vitaldent-a-domicilio-dentista-en-casa\/#primaryimage"},"thumbnailUrl":"https:\/\/luracare.es\/wp-content\/uploads\/2024\/11\/LuraCare-ES-Noticias-Vitaldent_a_domicilio-1200x600-1.jpg","keywords":["dentista en casa","dependencia","discapacidad","diversidad funcional","odontolog\u00eda","odontolog\u00eda domiciliaria","personas mayores","salud a domicilio"],"articleSection":["Noticias"],"inLanguage":"ca","potentialAction":[{"@type":"CommentAction","name":"Comment","target":["https:\/\/luracare.es\/es_es\/2024\/11\/vitaldent-a-domicilio-dentista-en-casa\/#respond"]}]},{"@type":"WebPage","@id":"https:\/\/luracare.es\/es_es\/2024\/11\/vitaldent-a-domicilio-dentista-en-casa\/","url":"https:\/\/luracare.es\/es_es\/2024\/11\/vitaldent-a-domicilio-dentista-en-casa\/","name":"&#039;Vitaldent a domicili&#039; apropa els serveis d&#039;odontologia fins a les llars - Lura Care Espa\u00f1a","isPartOf":{"@id":"https:\/\/luracare.es\/ca\/#website"},"primaryImageOfPage":{"@id":"https:\/\/luracare.es\/es_es\/2024\/11\/vitaldent-a-domicilio-dentista-en-casa\/#primaryimage"},"image":{"@id":"https:\/\/luracare.es\/es_es\/2024\/11\/vitaldent-a-domicilio-dentista-en-casa\/#primaryimage"},"thumbnailUrl":"https:\/\/luracare.es\/wp-content\/uploads\/2024\/11\/LuraCare-ES-Noticias-Vitaldent_a_domicilio-1200x600-1.jpg","datePublished":"2024-11-22T08:13:39+00:00","dateModified":"2024-11-22T08:13:41+00:00","description":"L\u00edders en odontologia residencial per a gent gran i les persones amb diversitat funcional. Contacta&#039;ns ara!","breadcrumb":{"@id":"https:\/\/luracare.es\/es_es\/2024\/11\/vitaldent-a-domicilio-dentista-en-casa\/#breadcrumb"},"inLanguage":"ca","potentialAction":[{"@type":"ReadAction","target":["https:\/\/luracare.es\/es_es\/2024\/11\/vitaldent-a-domicilio-dentista-en-casa\/"]}]},{"@type":"ImageObject","inLanguage":"ca","@id":"https:\/\/luracare.es\/es_es\/2024\/11\/vitaldent-a-domicilio-dentista-en-casa\/#primaryimage","url":"https:\/\/luracare.es\/wp-content\/uploads\/2024\/11\/LuraCare-ES-Noticias-Vitaldent_a_domicilio-1200x600-1.jpg","contentUrl":"https:\/\/luracare.es\/wp-content\/uploads\/2024\/11\/LuraCare-ES-Noticias-Vitaldent_a_domicilio-1200x600-1.jpg","width":1200,"height":600,"caption":"Con \u2018Vitaldent a domicilio\u2019, ambas entidades plasmamos nuestro compromiso compartido de ofrecer un nuevo servicio de atenci\u00f3n dental a domicilio que combina la excelencia y experiencia de Vitaldent, con la atenci\u00f3n personalizada y accesible de Lura Care."},{"@type":"BreadcrumbList","@id":"https:\/\/luracare.es\/es_es\/2024\/11\/vitaldent-a-domicilio-dentista-en-casa\/#breadcrumb","itemListElement":[{"@type":"ListItem","position":1,"name":"Portada","item":"https:\/\/luracare.es\/ca\/"},{"@type":"ListItem","position":2,"name":"\u2018Vitaldent a domicilio\u2019 acerca los servicios de odontolog\u00eda hasta los hogares"}]},{"@type":"WebSite","@id":"https:\/\/luracare.es\/ca\/#website","url":"https:\/\/luracare.es\/ca\/","name":"Lura Care - L&#039;assist\u00e8ncia domicili\u00e0ria que necessites","description":"L\u00edders en odontologia residencial per a gent gran i les persones amb diversitat funcional.","publisher":{"@id":"https:\/\/luracare.es\/ca\/#organization"},"alternateName":"Lura Care","potentialAction":[{"@type":"SearchAction","target":{"@type":"EntryPoint","urlTemplate":"https:\/\/luracare.es\/ca\/?s={search_term_string}"},"query-input":{"@type":"PropertyValueSpecification","valueRequired":true,"valueName":"search_term_string"}}],"inLanguage":"ca"},{"@type":"Organization","@id":"https:\/\/luracare.es\/ca\/#organization","name":"Lura Care","alternateName":"DENTAL RESIDENCY S.L.","url":"https:\/\/luracare.es\/ca\/","logo":{"@type":"ImageObject","inLanguage":"ca","@id":"https:\/\/luracare.es\/ca\/#\/schema\/logo\/image\/","url":"https:\/\/luracare.es\/wp-content\/uploads\/2023\/10\/Lura_Care_Bringing_Health_To-Your_Home_h1_claim.png","contentUrl":"https:\/\/luracare.es\/wp-content\/uploads\/2023\/10\/Lura_Care_Bringing_Health_To-Your_Home_h1_claim.png","width":3290,"height":943,"caption":"Lura Care"},"image":{"@id":"https:\/\/luracare.es\/ca\/#\/schema\/logo\/image\/"}},{"@type":"Person","@id":"https:\/\/luracare.es\/ca\/#\/schema\/person\/481791a2cec057d87c344bde8cbe83a7","name":"Ramon Prats","image":{"@type":"ImageObject","inLanguage":"ca","@id":"https:\/\/secure.gravatar.com\/avatar\/c626816712aa8911daa37bd8129f436f3b1b4c74d0ef5669f69af79994f3648d?s=96&d=wavatar&r=g","url":"https:\/\/secure.gravatar.com\/avatar\/c626816712aa8911daa37bd8129f436f3b1b4c74d0ef5669f69af79994f3648d?s=96&d=wavatar&r=g","contentUrl":"https:\/\/secure.gravatar.com\/avatar\/c626816712aa8911daa37bd8129f436f3b1b4c74d0ef5669f69af79994f3648d?s=96&d=wavatar&r=g","caption":"Ramon Prats"},"url":"https:\/\/luracare.es\/ca\/author\/rprats\/"}]}},"_links":{"self":[{"href":"https:\/\/luracare.es\/ca\/wp-json\/wp\/v2\/posts\/4605","targetHints":{"allow":["GET"]}}],"collection":[{"href":"https:\/\/luracare.es\/ca\/wp-json\/wp\/v2\/posts"}],"about":[{"href":"https:\/\/luracare.es\/ca\/wp-json\/wp\/v2\/types\/post"}],"author":[{"embeddable":true,"href":"https:\/\/luracare.es\/ca\/wp-json\/wp\/v2\/users\/3"}],"replies":[{"embeddable":true,"href":"https:\/\/luracare.es\/ca\/wp-json\/wp\/v2\/comments?post=4605"}],"version-history":[{"count":2,"href":"https:\/\/luracare.es\/ca\/wp-json\/wp\/v2\/posts\/4605\/revisions"}],"predecessor-version":[{"id":4608,"href":"https:\/\/luracare.es\/ca\/wp-json\/wp\/v2\/posts\/4605\/revisions\/4608"}],"wp:featuredmedia":[{"embeddable":true,"href":"https:\/\/luracare.es\/ca\/wp-json\/wp\/v2\/media\/4606"}],"wp:attachment":[{"href":"https:\/\/luracare.es\/ca\/wp-json\/wp\/v2\/media?parent=4605"}],"wp:term":[{"taxonomy":"category","embeddable":true,"href":"https:\/\/luracare.es\/ca\/wp-json\/wp\/v2\/categories?post=4605"},{"taxonomy":"post_tag","embeddable":true,"href":"https:\/\/luracare.es\/ca\/wp-json\/wp\/v2\/tags?post=4605"}],"curies":[{"name":"wp","href":"https:\/\/api.w.org\/{rel}","templated":true}]}}