{"id":7066,"date":"2026-03-05T10:27:54","date_gmt":"2026-03-05T10:27:54","guid":{"rendered":"https:\/\/luracare.es\/?p=7066"},"modified":"2026-03-09T10:39:12","modified_gmt":"2026-03-09T10:39:12","slug":"lura-care-participa-en-la-primera-edicion-del-monlau-connect-hub","status":"publish","type":"post","link":"https:\/\/luracare.es\/ca\/2026\/03\/lura-care-participa-en-la-primera-edicion-del-monlau-connect-hub\/","title":{"rendered":"Lura Care participa a la primera edici\u00f3 del Monlau Connect Hub"},"content":{"rendered":"<h6 class=\"wp-block-heading has-primary-color has-text-color has-link-color wp-elements-17b2addb7d201c91ad750b499bab3cc0\">Ahir vam tenir el plaer de participar a la primera edici\u00f3 de Monlau Connect Hub, una jornada pensada per connectar empreses amb estudiants dels sectors d&#039;Inform\u00e0tica, Finances i M\u00e0rqueting que busquen primeres experi\u00e8ncies professionals, i per generar oportunitats reals per al talent jove.<\/h6>\n\n\n\n<p><\/p>\n\n\n\n<p><strong>05\/03\/2026<\/strong><\/p>\n\n\n\n<p>Ahir al mat\u00ed Rosa Salvador, responsable de Recursos Humans de <a href=\"https:\/\/luracare.es\/ca\/\" target=\"_blank\" rel=\"noreferrer noopener\">Lura Care<\/a>, va tenir el plaer de participar a la primera edici\u00f3 de <a href=\"https:\/\/www.monlau.com\/formacio-professional\/monlau-connect-hub\/\" target=\"_blank\" rel=\"noreferrer noopener\">Monlau Connect Hub<\/a>, impulsat per <a href=\"https:\/\/www.monlau.com\/formacio-professional\" target=\"_blank\" rel=\"noreferrer noopener\">Monlau Formaci\u00f3 Professional<\/a> amb l&#039;objectiu de <strong>apropar el talent jove al m\u00f3n professional i enfortir el vincle entre formaci\u00f3 i empresa<\/strong>.<\/p>\n\n\n\n<p>Durant la jornada celebrada a l&#039;emblem\u00e0tic espai de la <a href=\"https:\/\/www.barcelona.cat\/fabraicoats\/es\" target=\"_blank\" rel=\"noreferrer noopener\">Fabra i Coats<\/a>, la f\u00e0brica de creaci\u00f3 de Barcelona, m\u00e9s de 150 alumnes dels cicles formatius de grau superior d&#039;Inform\u00e0tica, Empresa i M\u00e0rqueting van tenir l&#039;oportunitat de <strong>con\u00e8ixer de primera m\u00e0 15 empreses, compartir experi\u00e8ncies i explorar oportunitats<\/strong> de pr\u00e0ctiques i inserci\u00f3 laboral.<\/p>\n\n\n\n<p>Es va dur a terme una taula rodona on es van abordar <strong>temes relacionats amb el talent jove i la integraci\u00f3 de la IA<\/strong> en la formaci\u00f3 dels futurs professionals, un aspecte que sens dubte ser\u00e0 clau per afrontar els nous reptes del m\u00f3n laboral.<\/p>\n\n\n\n<p>Posteriorment, els alumnes van poder <strong>participar en un format de <em>speed dating<\/em><\/strong>, en qu\u00e8 van tenir l&#039;oportunitat de con\u00e8ixer els models i les activitats de les empreses participants, i postular-se com a candidats per entrar a formar part dels seus equips.<\/p>\n\n\n\n<p>Rosa Salvador, responsable de Recursos Humans de <a href=\"https:\/\/luracare.es\/ca\/\" target=\"_blank\" rel=\"noreferrer noopener\">Lura Care<\/a>, va valorar de forma molt positiva la nostra participaci\u00f3 en <a href=\"https:\/\/www.monlau.com\/formacio-professional\/monlau-connect-hub\/\" target=\"_blank\" rel=\"noreferrer noopener\">Monlau Connect Hub<\/a>. \u201cPer als alumnes \u00e9s una experi\u00e8ncia molt positiva, sobretot <strong>poder tenir primers contactes amb empreses<\/strong> i trencar el gel de primera m\u00e0 amb el m\u00f3n laboral que els espera, i per a nosaltres \u00e9s molt valu\u00f3s poder <strong>con\u00e8ixer les seves inquietuds per al desenvolupament de la carrera professional<\/strong>\u201d.<\/p>\n\n\n\n<p>A <a href=\"https:\/\/luracare.es\/ca\/\" target=\"_blank\" rel=\"noreferrer noopener\">Lura Care<\/a> apostem fermament pel <strong>talent jove com un factor que aporta un gran valor afegit<\/strong> al nostre model de serveis de salut domiciliaris per a persones dependents o amb problemes de mobilitat.<\/p>\n\n\n\n<p>Una Formaci\u00f3 Professional de qualitat nom\u00e9s \u00e9s possible amb la implicaci\u00f3 activa de les empreses, i esdeveniments com el <a href=\"https:\/\/www.monlau.com\/formacio-professional\/monlau-connect-hub\/\" target=\"_blank\" rel=\"noreferrer noopener\">Monlau Connect Hub<\/a> demostren que, quan educaci\u00f3 i empresa treballen juntes, es generen <strong>oportunitats reals per al talent jove<\/strong>.<\/p>\n\n\n\n<div style=\"height:20px\" aria-hidden=\"true\" class=\"wp-block-spacer\"><\/div>\n\n\n\n<div aria-label=\"Carousel Gallery\" class=\"wp-block-coblocks-gallery-carousel alignfull\"><div class=\"coblocks-gallery-carousel-swiper-container is-cropped coblocks-gallery has-caption-style-dark has-horizontal-gutter\"><div class=\"has-carousel has-carousel-lrg swiper-container has-aligned-cells has-nav-94490a27\" data-swiper=\"{&quot;alignCells&quot;:true,&quot;autoPlay&quot;:false,&quot;autoPlaySpeed&quot;:3000,&quot;draggable&quot;:false,&quot;freeMode&quot;:false,&quot;loop&quot;:false,&quot;navigation&quot;:false,&quot;pageDots&quot;:false,&quot;pauseHover&quot;:false,&quot;responsiveHeight&quot;:false,&quot;slidesPerView&quot;:2,&quot;thumbnails&quot;:true,&quot;uuid&quot;:&quot;12345&quot;}\" style=\"height:400px\"><div class=\"swiper-wrapper\"><div class=\"swiper-slide\"><div class=\"coblocks-gallery--item\" role=\"button\"><figure class=\"coblocks-gallery--figure has-margin-left-15 has-margin-right-15\"><img loading=\"lazy\" decoding=\"async\" width=\"1024\" height=\"1024\" alt=\"\" class=\"wp-image-7069\" data-id=\"7069\" data-link=\"https:\/\/luracare.es\/?attachment_id=7069\" src=\"https:\/\/luracare.es\/wp-content\/uploads\/2026\/03\/LuraCare-ES-Monlau_Connect_Hub_01-1024x1024.jpg\" srcset=\"https:\/\/luracare.es\/wp-content\/uploads\/2026\/03\/LuraCare-ES-Monlau_Connect_Hub_01-1024x1024.jpg 1024w, https:\/\/luracare.es\/wp-content\/uploads\/2026\/03\/LuraCare-ES-Monlau_Connect_Hub_01-300x300.jpg 300w, https:\/\/luracare.es\/wp-content\/uploads\/2026\/03\/LuraCare-ES-Monlau_Connect_Hub_01-150x150.jpg 150w, https:\/\/luracare.es\/wp-content\/uploads\/2026\/03\/LuraCare-ES-Monlau_Connect_Hub_01-768x768.jpg 768w, https:\/\/luracare.es\/wp-content\/uploads\/2026\/03\/LuraCare-ES-Monlau_Connect_Hub_01-12x12.jpg 12w, https:\/\/luracare.es\/wp-content\/uploads\/2026\/03\/LuraCare-ES-Monlau_Connect_Hub_01.jpg 1500w\" sizes=\"auto, (max-width: 1024px) 100vw, 1024px\" \/><\/figure><figcaption class=\"coblocks-gallery--caption coblocks-gallery--primary-caption\"><\/figcaption><\/div><\/div><div class=\"swiper-slide\"><div class=\"coblocks-gallery--item\" role=\"button\"><figure class=\"coblocks-gallery--figure has-margin-left-15 has-margin-right-15\"><img loading=\"lazy\" decoding=\"async\" width=\"1024\" height=\"1024\" alt=\"\" class=\"wp-image-7068\" data-id=\"7068\" data-link=\"https:\/\/luracare.es\/?attachment_id=7068\" src=\"https:\/\/luracare.es\/wp-content\/uploads\/2026\/03\/LuraCare-ES-Monlau_Connect_Hub_02-1024x1024.jpg\" srcset=\"https:\/\/luracare.es\/wp-content\/uploads\/2026\/03\/LuraCare-ES-Monlau_Connect_Hub_02-1024x1024.jpg 1024w, https:\/\/luracare.es\/wp-content\/uploads\/2026\/03\/LuraCare-ES-Monlau_Connect_Hub_02-300x300.jpg 300w, https:\/\/luracare.es\/wp-content\/uploads\/2026\/03\/LuraCare-ES-Monlau_Connect_Hub_02-150x150.jpg 150w, https:\/\/luracare.es\/wp-content\/uploads\/2026\/03\/LuraCare-ES-Monlau_Connect_Hub_02-768x768.jpg 768w, https:\/\/luracare.es\/wp-content\/uploads\/2026\/03\/LuraCare-ES-Monlau_Connect_Hub_02-12x12.jpg 12w, https:\/\/luracare.es\/wp-content\/uploads\/2026\/03\/LuraCare-ES-Monlau_Connect_Hub_02.jpg 1500w\" sizes=\"auto, (max-width: 1024px) 100vw, 1024px\" \/><\/figure><figcaption class=\"coblocks-gallery--caption coblocks-gallery--primary-caption\"><\/figcaption><\/div><\/div><div class=\"swiper-slide\"><div class=\"coblocks-gallery--item\" role=\"button\"><figure class=\"coblocks-gallery--figure has-margin-left-15 has-margin-right-15\"><img loading=\"lazy\" decoding=\"async\" width=\"1024\" height=\"1024\" alt=\"\" class=\"wp-image-7070\" data-id=\"7070\" data-link=\"https:\/\/luracare.es\/?attachment_id=7070\" src=\"https:\/\/luracare.es\/wp-content\/uploads\/2026\/03\/LuraCare-ES-Monlau_Connect_Hub_03-1024x1024.jpg\" srcset=\"https:\/\/luracare.es\/wp-content\/uploads\/2026\/03\/LuraCare-ES-Monlau_Connect_Hub_03-1024x1024.jpg 1024w, https:\/\/luracare.es\/wp-content\/uploads\/2026\/03\/LuraCare-ES-Monlau_Connect_Hub_03-300x300.jpg 300w, https:\/\/luracare.es\/wp-content\/uploads\/2026\/03\/LuraCare-ES-Monlau_Connect_Hub_03-150x150.jpg 150w, https:\/\/luracare.es\/wp-content\/uploads\/2026\/03\/LuraCare-ES-Monlau_Connect_Hub_03-768x768.jpg 768w, https:\/\/luracare.es\/wp-content\/uploads\/2026\/03\/LuraCare-ES-Monlau_Connect_Hub_03-12x12.jpg 12w, https:\/\/luracare.es\/wp-content\/uploads\/2026\/03\/LuraCare-ES-Monlau_Connect_Hub_03.jpg 1500w\" sizes=\"auto, (max-width: 1024px) 100vw, 1024px\" \/><\/figure><figcaption class=\"coblocks-gallery--caption coblocks-gallery--primary-caption\"><\/figcaption><\/div><\/div><div class=\"swiper-slide\"><div class=\"coblocks-gallery--item\" role=\"button\"><figure class=\"coblocks-gallery--figure has-margin-left-15 has-margin-right-15\"><img loading=\"lazy\" decoding=\"async\" width=\"1024\" height=\"1024\" alt=\"\" class=\"wp-image-7071\" data-id=\"7071\" data-link=\"https:\/\/luracare.es\/?attachment_id=7071\" src=\"https:\/\/luracare.es\/wp-content\/uploads\/2026\/03\/LuraCare-ES-Monlau_Connect_Hub_04-1024x1024.jpg\" srcset=\"https:\/\/luracare.es\/wp-content\/uploads\/2026\/03\/LuraCare-ES-Monlau_Connect_Hub_04-1024x1024.jpg 1024w, https:\/\/luracare.es\/wp-content\/uploads\/2026\/03\/LuraCare-ES-Monlau_Connect_Hub_04-300x300.jpg 300w, https:\/\/luracare.es\/wp-content\/uploads\/2026\/03\/LuraCare-ES-Monlau_Connect_Hub_04-150x150.jpg 150w, https:\/\/luracare.es\/wp-content\/uploads\/2026\/03\/LuraCare-ES-Monlau_Connect_Hub_04-768x768.jpg 768w, https:\/\/luracare.es\/wp-content\/uploads\/2026\/03\/LuraCare-ES-Monlau_Connect_Hub_04-12x12.jpg 12w, https:\/\/luracare.es\/wp-content\/uploads\/2026\/03\/LuraCare-ES-Monlau_Connect_Hub_04.jpg 1500w\" sizes=\"auto, (max-width: 1024px) 100vw, 1024px\" \/><\/figure><figcaption class=\"coblocks-gallery--caption coblocks-gallery--primary-caption\"><\/figcaption><\/div><\/div><\/div><\/div><div class=\"wp-block-coblocks-gallery-carousel-thumbnail-pagination has-margin-top-15\"><button aria-label=\"gallery thumbnail\" class=\"wp-block-coblocks-gallery-carousel-thumbnail wp-block-coblocks-gallery-carousel-thumbnail-0 has-margin-left-15 has-margin-right-15\" style=\"height:80px;width:100px\"><img decoding=\"async\" alt=\"\" data-id=\"7069\" data-link=\"https:\/\/luracare.es\/?attachment_id=7069\" src=\"https:\/\/luracare.es\/wp-content\/uploads\/2026\/03\/LuraCare-ES-Monlau_Connect_Hub_01-1024x1024.jpg\" style=\"height:100%;width:100%\" \/><\/button><button aria-label=\"gallery thumbnail\" class=\"wp-block-coblocks-gallery-carousel-thumbnail wp-block-coblocks-gallery-carousel-thumbnail-1 has-margin-left-15 has-margin-right-15\" style=\"height:80px;width:100px\"><img decoding=\"async\" alt=\"\" data-id=\"7068\" data-link=\"https:\/\/luracare.es\/?attachment_id=7068\" src=\"https:\/\/luracare.es\/wp-content\/uploads\/2026\/03\/LuraCare-ES-Monlau_Connect_Hub_02-1024x1024.jpg\" style=\"height:100%;width:100%\" \/><\/button><button aria-label=\"gallery thumbnail\" class=\"wp-block-coblocks-gallery-carousel-thumbnail wp-block-coblocks-gallery-carousel-thumbnail-2 has-margin-left-15 has-margin-right-15\" style=\"height:80px;width:100px\"><img decoding=\"async\" alt=\"\" data-id=\"7070\" data-link=\"https:\/\/luracare.es\/?attachment_id=7070\" src=\"https:\/\/luracare.es\/wp-content\/uploads\/2026\/03\/LuraCare-ES-Monlau_Connect_Hub_03-1024x1024.jpg\" style=\"height:100%;width:100%\" \/><\/button><button aria-label=\"gallery thumbnail\" class=\"wp-block-coblocks-gallery-carousel-thumbnail wp-block-coblocks-gallery-carousel-thumbnail-3 has-margin-left-15 has-margin-right-15\" style=\"height:80px;width:100px\"><img decoding=\"async\" alt=\"\" data-id=\"7071\" data-link=\"https:\/\/luracare.es\/?attachment_id=7071\" src=\"https:\/\/luracare.es\/wp-content\/uploads\/2026\/03\/LuraCare-ES-Monlau_Connect_Hub_04-1024x1024.jpg\" style=\"height:100%;width:100%\" \/><\/button><\/div><\/div><\/div>\n\n\n\n<div style=\"height:50px\" aria-hidden=\"true\" class=\"wp-block-spacer\"><\/div>\n\n\n\n<p><\/p>","protected":false},"excerpt":{"rendered":"<p>Ayer tuvimos el placer de participar en la primera edici\u00f3n de Monlau Connect Hub, una jornada pensada\u00a0para\u00a0conectar a empresas con estudiantes\u00a0de los sectores de\u00a0Inform\u00e1tica,\u00a0Finanzas y Marketing\u00a0que buscan primeras experiencias profesionales, y para generar oportunidades reales para el talento joven. 05\/03\/2026 En la ma\u00f1ana de ayer Rosa Salvador, responsable de Recursos Humanos de Lura Care, tuvo&hellip; <a class=\"continue\" href=\"https:\/\/luracare.es\/ca\/2026\/03\/lura-care-participa-en-la-primera-edicion-del-monlau-connect-hub\/\">Continue Reading<span> Lura Care participa a la primera edici\u00f3 del Monlau Connect Hub<\/span><\/a><\/p>","protected":false},"author":3,"featured_media":7067,"comment_status":"open","ping_status":"open","sticky":false,"template":"","format":"standard","meta":{"_coblocks_attr":"","_coblocks_dimensions":"","_coblocks_responsive_height":"","_coblocks_accordion_ie_support":"","footnotes":""},"categories":[19],"tags":[162,37,165,237,207],"class_list":["post-7066","post","type-post","status-publish","format-standard","has-post-thumbnail","hentry","category-noticias","tag-formacion","tag-impacto-social","tag-innovacion","tag-recursos-humanos","tag-talento"],"yoast_head":"<!-- This site is optimized with the Yoast SEO plugin v27.5 - https:\/\/yoast.com\/product\/yoast-seo-wordpress\/ -->\n<title>Lura Care participa en la primera edici\u00f3n del Monlau Connect Hub - Lura Care Espa\u00f1a<\/title>\n<meta name=\"description\" content=\"Participamos en esta jornada pensada para conectar a empresas con estudiantes que buscan primeras experiencias profesionales, y para generar oportunidades reales para el talento joven.\" \/>\n<meta name=\"robots\" content=\"index, follow, max-snippet:-1, max-image-preview:large, max-video-preview:-1\" \/>\n<link rel=\"canonical\" href=\"https:\/\/luracare.es\/ca\/2026\/03\/lura-care-participa-en-la-primera-edicion-del-monlau-connect-hub\/\" \/>\n<meta property=\"og:locale\" content=\"ca_ES\" \/>\n<meta property=\"og:type\" content=\"article\" \/>\n<meta property=\"og:title\" content=\"Lura Care participa en la primera edici\u00f3ndel Monlau Connect Hub\" \/>\n<meta property=\"og:description\" content=\"Participamos en esta jornada pensada para conectar a empresas con estudiantes que buscan primeras experiencias profesionales, y para generar oportunidades reales para el talento joven.\" \/>\n<meta property=\"og:url\" content=\"https:\/\/luracare.es\/ca\/2026\/03\/lura-care-participa-en-la-primera-edicion-del-monlau-connect-hub\/\" \/>\n<meta property=\"og:site_name\" content=\"Lura Care Espa\u00f1a\" \/>\n<meta property=\"article:published_time\" content=\"2026-03-05T10:27:54+00:00\" \/>\n<meta property=\"article:modified_time\" content=\"2026-03-09T10:39:12+00:00\" \/>\n<meta property=\"og:image\" content=\"https:\/\/luracare.es\/wp-content\/uploads\/2026\/03\/LuraCare-ES-Noticias-Monlau_Connect_Hub_2026-1200x600-1.jpg\" \/>\n\t<meta property=\"og:image:width\" content=\"1200\" \/>\n\t<meta property=\"og:image:height\" content=\"600\" \/>\n\t<meta property=\"og:image:type\" content=\"image\/jpeg\" \/>\n<meta name=\"author\" content=\"Ramon Prats\" \/>\n<meta name=\"twitter:card\" content=\"summary_large_image\" \/>\n<meta name=\"twitter:label1\" content=\"Escrit per\" \/>\n\t<meta name=\"twitter:data1\" content=\"Ramon Prats\" \/>\n\t<meta name=\"twitter:label2\" content=\"Temps estimat de lectura\" \/>\n\t<meta name=\"twitter:data2\" content=\"4 minuts\" \/>\n<script type=\"application\/ld+json\" class=\"yoast-schema-graph\">{\"@context\":\"https:\\\/\\\/schema.org\",\"@graph\":[{\"@type\":\"Article\",\"@id\":\"https:\\\/\\\/luracare.es\\\/2026\\\/03\\\/lura-care-participa-en-la-primera-edicion-del-monlau-connect-hub\\\/#article\",\"isPartOf\":{\"@id\":\"https:\\\/\\\/luracare.es\\\/2026\\\/03\\\/lura-care-participa-en-la-primera-edicion-del-monlau-connect-hub\\\/\"},\"author\":{\"name\":\"Ramon Prats\",\"@id\":\"https:\\\/\\\/luracare.es\\\/ca\\\/#\\\/schema\\\/person\\\/481791a2cec057d87c344bde8cbe83a7\"},\"headline\":\"Lura Care participa en la primera edici\u00f3n del Monlau Connect Hub\",\"datePublished\":\"2026-03-05T10:27:54+00:00\",\"dateModified\":\"2026-03-09T10:39:12+00:00\",\"mainEntityOfPage\":{\"@id\":\"https:\\\/\\\/luracare.es\\\/2026\\\/03\\\/lura-care-participa-en-la-primera-edicion-del-monlau-connect-hub\\\/\"},\"wordCount\":410,\"commentCount\":0,\"publisher\":{\"@id\":\"https:\\\/\\\/luracare.es\\\/ca\\\/#organization\"},\"image\":{\"@id\":\"https:\\\/\\\/luracare.es\\\/2026\\\/03\\\/lura-care-participa-en-la-primera-edicion-del-monlau-connect-hub\\\/#primaryimage\"},\"thumbnailUrl\":\"https:\\\/\\\/luracare.es\\\/wp-content\\\/uploads\\\/2026\\\/03\\\/LuraCare-ES-Noticias-Monlau_Connect_Hub_2026-1200x600-1.jpg\",\"keywords\":[\"formaci\u00f3n\",\"impacto social\",\"innovaci\u00f3n\",\"Recursos Humanos\",\"talento\"],\"articleSection\":[\"Noticias\"],\"inLanguage\":\"ca\",\"potentialAction\":[{\"@type\":\"CommentAction\",\"name\":\"Comment\",\"target\":[\"https:\\\/\\\/luracare.es\\\/2026\\\/03\\\/lura-care-participa-en-la-primera-edicion-del-monlau-connect-hub\\\/#respond\"]}]},{\"@type\":\"WebPage\",\"@id\":\"https:\\\/\\\/luracare.es\\\/2026\\\/03\\\/lura-care-participa-en-la-primera-edicion-del-monlau-connect-hub\\\/\",\"url\":\"https:\\\/\\\/luracare.es\\\/2026\\\/03\\\/lura-care-participa-en-la-primera-edicion-del-monlau-connect-hub\\\/\",\"name\":\"Lura Care participa en la primera edici\u00f3n del Monlau Connect Hub - Lura Care Espa\u00f1a\",\"isPartOf\":{\"@id\":\"https:\\\/\\\/luracare.es\\\/ca\\\/#website\"},\"primaryImageOfPage\":{\"@id\":\"https:\\\/\\\/luracare.es\\\/2026\\\/03\\\/lura-care-participa-en-la-primera-edicion-del-monlau-connect-hub\\\/#primaryimage\"},\"image\":{\"@id\":\"https:\\\/\\\/luracare.es\\\/2026\\\/03\\\/lura-care-participa-en-la-primera-edicion-del-monlau-connect-hub\\\/#primaryimage\"},\"thumbnailUrl\":\"https:\\\/\\\/luracare.es\\\/wp-content\\\/uploads\\\/2026\\\/03\\\/LuraCare-ES-Noticias-Monlau_Connect_Hub_2026-1200x600-1.jpg\",\"datePublished\":\"2026-03-05T10:27:54+00:00\",\"dateModified\":\"2026-03-09T10:39:12+00:00\",\"description\":\"Participamos en esta jornada pensada para conectar a empresas con estudiantes que buscan primeras experiencias profesionales, y para generar oportunidades reales para el talento joven.\",\"breadcrumb\":{\"@id\":\"https:\\\/\\\/luracare.es\\\/2026\\\/03\\\/lura-care-participa-en-la-primera-edicion-del-monlau-connect-hub\\\/#breadcrumb\"},\"inLanguage\":\"ca\",\"potentialAction\":[{\"@type\":\"ReadAction\",\"target\":[\"https:\\\/\\\/luracare.es\\\/2026\\\/03\\\/lura-care-participa-en-la-primera-edicion-del-monlau-connect-hub\\\/\"]}]},{\"@type\":\"ImageObject\",\"inLanguage\":\"ca\",\"@id\":\"https:\\\/\\\/luracare.es\\\/2026\\\/03\\\/lura-care-participa-en-la-primera-edicion-del-monlau-connect-hub\\\/#primaryimage\",\"url\":\"https:\\\/\\\/luracare.es\\\/wp-content\\\/uploads\\\/2026\\\/03\\\/LuraCare-ES-Noticias-Monlau_Connect_Hub_2026-1200x600-1.jpg\",\"contentUrl\":\"https:\\\/\\\/luracare.es\\\/wp-content\\\/uploads\\\/2026\\\/03\\\/LuraCare-ES-Noticias-Monlau_Connect_Hub_2026-1200x600-1.jpg\",\"width\":1200,\"height\":600,\"caption\":\"Lura Care participa en la primera edici\u00f3n del Monlau Connect Hub\"},{\"@type\":\"BreadcrumbList\",\"@id\":\"https:\\\/\\\/luracare.es\\\/2026\\\/03\\\/lura-care-participa-en-la-primera-edicion-del-monlau-connect-hub\\\/#breadcrumb\",\"itemListElement\":[{\"@type\":\"ListItem\",\"position\":1,\"name\":\"Portada\",\"item\":\"https:\\\/\\\/luracare.es\\\/ca\\\/\"},{\"@type\":\"ListItem\",\"position\":2,\"name\":\"Lura Care participa en la primera edici\u00f3n del Monlau Connect Hub\"}]},{\"@type\":\"WebSite\",\"@id\":\"https:\\\/\\\/luracare.es\\\/ca\\\/#website\",\"url\":\"https:\\\/\\\/luracare.es\\\/ca\\\/\",\"name\":\"Lura Care - La asistencia domiciliaria que necesitas\",\"description\":\"L\u00edderes en odontolog\u00eda residencial para la tercera edad y las personas con diversidad funcional.\",\"publisher\":{\"@id\":\"https:\\\/\\\/luracare.es\\\/ca\\\/#organization\"},\"alternateName\":\"Lura Care\",\"potentialAction\":[{\"@type\":\"SearchAction\",\"target\":{\"@type\":\"EntryPoint\",\"urlTemplate\":\"https:\\\/\\\/luracare.es\\\/ca\\\/?s={search_term_string}\"},\"query-input\":{\"@type\":\"PropertyValueSpecification\",\"valueRequired\":true,\"valueName\":\"search_term_string\"}}],\"inLanguage\":\"ca\"},{\"@type\":\"Organization\",\"@id\":\"https:\\\/\\\/luracare.es\\\/ca\\\/#organization\",\"name\":\"Lura Care\",\"alternateName\":\"DENTAL RESIDENCY S.L.\",\"url\":\"https:\\\/\\\/luracare.es\\\/ca\\\/\",\"logo\":{\"@type\":\"ImageObject\",\"inLanguage\":\"ca\",\"@id\":\"https:\\\/\\\/luracare.es\\\/ca\\\/#\\\/schema\\\/logo\\\/image\\\/\",\"url\":\"https:\\\/\\\/luracare.es\\\/wp-content\\\/uploads\\\/2023\\\/10\\\/Lura_Care_Bringing_Health_To-Your_Home_h1_claim.png\",\"contentUrl\":\"https:\\\/\\\/luracare.es\\\/wp-content\\\/uploads\\\/2023\\\/10\\\/Lura_Care_Bringing_Health_To-Your_Home_h1_claim.png\",\"width\":3290,\"height\":943,\"caption\":\"Lura Care\"},\"image\":{\"@id\":\"https:\\\/\\\/luracare.es\\\/ca\\\/#\\\/schema\\\/logo\\\/image\\\/\"}},{\"@type\":\"Person\",\"@id\":\"https:\\\/\\\/luracare.es\\\/ca\\\/#\\\/schema\\\/person\\\/481791a2cec057d87c344bde8cbe83a7\",\"name\":\"Ramon Prats\",\"image\":{\"@type\":\"ImageObject\",\"inLanguage\":\"ca\",\"@id\":\"https:\\\/\\\/secure.gravatar.com\\\/avatar\\\/c626816712aa8911daa37bd8129f436f3b1b4c74d0ef5669f69af79994f3648d?s=96&d=wavatar&r=g\",\"url\":\"https:\\\/\\\/secure.gravatar.com\\\/avatar\\\/c626816712aa8911daa37bd8129f436f3b1b4c74d0ef5669f69af79994f3648d?s=96&d=wavatar&r=g\",\"contentUrl\":\"https:\\\/\\\/secure.gravatar.com\\\/avatar\\\/c626816712aa8911daa37bd8129f436f3b1b4c74d0ef5669f69af79994f3648d?s=96&d=wavatar&r=g\",\"caption\":\"Ramon Prats\"},\"url\":\"https:\\\/\\\/luracare.es\\\/ca\\\/author\\\/rprats\\\/\"}]}<\/script>\n<!-- \/ Yoast SEO plugin. -->","yoast_head_json":{"title":"Lura Care participa en la primera edici\u00f3n del Monlau Connect Hub - Lura Care Espa\u00f1a","description":"Participamos en esta jornada pensada para conectar a empresas con estudiantes que buscan primeras experiencias profesionales, y para generar oportunidades reales para el talento joven.","robots":{"index":"index","follow":"follow","max-snippet":"max-snippet:-1","max-image-preview":"max-image-preview:large","max-video-preview":"max-video-preview:-1"},"canonical":"https:\/\/luracare.es\/ca\/2026\/03\/lura-care-participa-en-la-primera-edicion-del-monlau-connect-hub\/","og_locale":"ca_ES","og_type":"article","og_title":"Lura Care participa en la primera edici\u00f3ndel Monlau Connect Hub","og_description":"Participamos en esta jornada pensada para conectar a empresas con estudiantes que buscan primeras experiencias profesionales, y para generar oportunidades reales para el talento joven.","og_url":"https:\/\/luracare.es\/ca\/2026\/03\/lura-care-participa-en-la-primera-edicion-del-monlau-connect-hub\/","og_site_name":"Lura Care Espa\u00f1a","article_published_time":"2026-03-05T10:27:54+00:00","article_modified_time":"2026-03-09T10:39:12+00:00","og_image":[{"width":1200,"height":600,"url":"https:\/\/luracare.es\/wp-content\/uploads\/2026\/03\/LuraCare-ES-Noticias-Monlau_Connect_Hub_2026-1200x600-1.jpg","type":"image\/jpeg"}],"author":"Ramon Prats","twitter_card":"summary_large_image","twitter_misc":{"Escrit per":"Ramon Prats","Temps estimat de lectura":"4 minuts"},"schema":{"@context":"https:\/\/schema.org","@graph":[{"@type":"Article","@id":"https:\/\/luracare.es\/2026\/03\/lura-care-participa-en-la-primera-edicion-del-monlau-connect-hub\/#article","isPartOf":{"@id":"https:\/\/luracare.es\/2026\/03\/lura-care-participa-en-la-primera-edicion-del-monlau-connect-hub\/"},"author":{"name":"Ramon Prats","@id":"https:\/\/luracare.es\/ca\/#\/schema\/person\/481791a2cec057d87c344bde8cbe83a7"},"headline":"Lura Care participa en la primera edici\u00f3n del Monlau Connect Hub","datePublished":"2026-03-05T10:27:54+00:00","dateModified":"2026-03-09T10:39:12+00:00","mainEntityOfPage":{"@id":"https:\/\/luracare.es\/2026\/03\/lura-care-participa-en-la-primera-edicion-del-monlau-connect-hub\/"},"wordCount":410,"commentCount":0,"publisher":{"@id":"https:\/\/luracare.es\/ca\/#organization"},"image":{"@id":"https:\/\/luracare.es\/2026\/03\/lura-care-participa-en-la-primera-edicion-del-monlau-connect-hub\/#primaryimage"},"thumbnailUrl":"https:\/\/luracare.es\/wp-content\/uploads\/2026\/03\/LuraCare-ES-Noticias-Monlau_Connect_Hub_2026-1200x600-1.jpg","keywords":["formaci\u00f3n","impacto social","innovaci\u00f3n","Recursos Humanos","talento"],"articleSection":["Noticias"],"inLanguage":"ca","potentialAction":[{"@type":"CommentAction","name":"Comment","target":["https:\/\/luracare.es\/2026\/03\/lura-care-participa-en-la-primera-edicion-del-monlau-connect-hub\/#respond"]}]},{"@type":"WebPage","@id":"https:\/\/luracare.es\/2026\/03\/lura-care-participa-en-la-primera-edicion-del-monlau-connect-hub\/","url":"https:\/\/luracare.es\/2026\/03\/lura-care-participa-en-la-primera-edicion-del-monlau-connect-hub\/","name":"Lura Care participa en la primera edici\u00f3n del Monlau Connect Hub - Lura Care Espa\u00f1a","isPartOf":{"@id":"https:\/\/luracare.es\/ca\/#website"},"primaryImageOfPage":{"@id":"https:\/\/luracare.es\/2026\/03\/lura-care-participa-en-la-primera-edicion-del-monlau-connect-hub\/#primaryimage"},"image":{"@id":"https:\/\/luracare.es\/2026\/03\/lura-care-participa-en-la-primera-edicion-del-monlau-connect-hub\/#primaryimage"},"thumbnailUrl":"https:\/\/luracare.es\/wp-content\/uploads\/2026\/03\/LuraCare-ES-Noticias-Monlau_Connect_Hub_2026-1200x600-1.jpg","datePublished":"2026-03-05T10:27:54+00:00","dateModified":"2026-03-09T10:39:12+00:00","description":"Participamos en esta jornada pensada para conectar a empresas con estudiantes que buscan primeras experiencias profesionales, y para generar oportunidades reales para el talento joven.","breadcrumb":{"@id":"https:\/\/luracare.es\/2026\/03\/lura-care-participa-en-la-primera-edicion-del-monlau-connect-hub\/#breadcrumb"},"inLanguage":"ca","potentialAction":[{"@type":"ReadAction","target":["https:\/\/luracare.es\/2026\/03\/lura-care-participa-en-la-primera-edicion-del-monlau-connect-hub\/"]}]},{"@type":"ImageObject","inLanguage":"ca","@id":"https:\/\/luracare.es\/2026\/03\/lura-care-participa-en-la-primera-edicion-del-monlau-connect-hub\/#primaryimage","url":"https:\/\/luracare.es\/wp-content\/uploads\/2026\/03\/LuraCare-ES-Noticias-Monlau_Connect_Hub_2026-1200x600-1.jpg","contentUrl":"https:\/\/luracare.es\/wp-content\/uploads\/2026\/03\/LuraCare-ES-Noticias-Monlau_Connect_Hub_2026-1200x600-1.jpg","width":1200,"height":600,"caption":"Lura Care participa en la primera edici\u00f3n del Monlau Connect Hub"},{"@type":"BreadcrumbList","@id":"https:\/\/luracare.es\/2026\/03\/lura-care-participa-en-la-primera-edicion-del-monlau-connect-hub\/#breadcrumb","itemListElement":[{"@type":"ListItem","position":1,"name":"Portada","item":"https:\/\/luracare.es\/ca\/"},{"@type":"ListItem","position":2,"name":"Lura Care participa en la primera edici\u00f3n del Monlau Connect Hub"}]},{"@type":"WebSite","@id":"https:\/\/luracare.es\/ca\/#website","url":"https:\/\/luracare.es\/ca\/","name":"Lura Care - L&#039;assist\u00e8ncia domicili\u00e0ria que necessites","description":"L\u00edders en odontologia residencial per a gent gran i les persones amb diversitat funcional.","publisher":{"@id":"https:\/\/luracare.es\/ca\/#organization"},"alternateName":"Lura Care","potentialAction":[{"@type":"SearchAction","target":{"@type":"EntryPoint","urlTemplate":"https:\/\/luracare.es\/ca\/?s={search_term_string}"},"query-input":{"@type":"PropertyValueSpecification","valueRequired":true,"valueName":"search_term_string"}}],"inLanguage":"ca"},{"@type":"Organization","@id":"https:\/\/luracare.es\/ca\/#organization","name":"Lura Care","alternateName":"DENTAL RESIDENCY S.L.","url":"https:\/\/luracare.es\/ca\/","logo":{"@type":"ImageObject","inLanguage":"ca","@id":"https:\/\/luracare.es\/ca\/#\/schema\/logo\/image\/","url":"https:\/\/luracare.es\/wp-content\/uploads\/2023\/10\/Lura_Care_Bringing_Health_To-Your_Home_h1_claim.png","contentUrl":"https:\/\/luracare.es\/wp-content\/uploads\/2023\/10\/Lura_Care_Bringing_Health_To-Your_Home_h1_claim.png","width":3290,"height":943,"caption":"Lura Care"},"image":{"@id":"https:\/\/luracare.es\/ca\/#\/schema\/logo\/image\/"}},{"@type":"Person","@id":"https:\/\/luracare.es\/ca\/#\/schema\/person\/481791a2cec057d87c344bde8cbe83a7","name":"Ramon Prats","image":{"@type":"ImageObject","inLanguage":"ca","@id":"https:\/\/secure.gravatar.com\/avatar\/c626816712aa8911daa37bd8129f436f3b1b4c74d0ef5669f69af79994f3648d?s=96&d=wavatar&r=g","url":"https:\/\/secure.gravatar.com\/avatar\/c626816712aa8911daa37bd8129f436f3b1b4c74d0ef5669f69af79994f3648d?s=96&d=wavatar&r=g","contentUrl":"https:\/\/secure.gravatar.com\/avatar\/c626816712aa8911daa37bd8129f436f3b1b4c74d0ef5669f69af79994f3648d?s=96&d=wavatar&r=g","caption":"Ramon Prats"},"url":"https:\/\/luracare.es\/ca\/author\/rprats\/"}]}},"_links":{"self":[{"href":"https:\/\/luracare.es\/ca\/wp-json\/wp\/v2\/posts\/7066","targetHints":{"allow":["GET"]}}],"collection":[{"href":"https:\/\/luracare.es\/ca\/wp-json\/wp\/v2\/posts"}],"about":[{"href":"https:\/\/luracare.es\/ca\/wp-json\/wp\/v2\/types\/post"}],"author":[{"embeddable":true,"href":"https:\/\/luracare.es\/ca\/wp-json\/wp\/v2\/users\/3"}],"replies":[{"embeddable":true,"href":"https:\/\/luracare.es\/ca\/wp-json\/wp\/v2\/comments?post=7066"}],"version-history":[{"count":6,"href":"https:\/\/luracare.es\/ca\/wp-json\/wp\/v2\/posts\/7066\/revisions"}],"predecessor-version":[{"id":7077,"href":"https:\/\/luracare.es\/ca\/wp-json\/wp\/v2\/posts\/7066\/revisions\/7077"}],"wp:featuredmedia":[{"embeddable":true,"href":"https:\/\/luracare.es\/ca\/wp-json\/wp\/v2\/media\/7067"}],"wp:attachment":[{"href":"https:\/\/luracare.es\/ca\/wp-json\/wp\/v2\/media?parent=7066"}],"wp:term":[{"taxonomy":"category","embeddable":true,"href":"https:\/\/luracare.es\/ca\/wp-json\/wp\/v2\/categories?post=7066"},{"taxonomy":"post_tag","embeddable":true,"href":"https:\/\/luracare.es\/ca\/wp-json\/wp\/v2\/tags?post=7066"}],"curies":[{"name":"wp","href":"https:\/\/api.w.org\/{rel}","templated":true}]}}