{"id":3691,"date":"2024-06-04T07:15:14","date_gmt":"2024-06-04T07:15:14","guid":{"rendered":"https:\/\/luracare.es\/?p=3691"},"modified":"2024-06-04T08:06:06","modified_gmt":"2024-06-04T08:06:06","slug":"como-es-la-salud-oral-de-las-personas-mayores-en-espana","status":"publish","type":"post","link":"https:\/\/luracare.es\/es_es\/2024\/06\/como-es-la-salud-oral-de-las-personas-mayores-en-espana\/","title":{"rendered":"\u00bfC\u00f3mo es la salud oral de las personas mayores en Espa\u00f1a?"},"content":{"rendered":"\n<p><\/p>\n\n\n\n<p>Si bien la <a href=\"https:\/\/www.fdiworlddental.org\/\" target=\"_blank\" rel=\"noreferrer noopener\">Word Dental Federation (FDI)<\/a> reconoce la <strong>salud bucodental como parte integral del derecho a la salud<\/strong>, y por tanto en un derecho b\u00e1sico reconocido en la <a href=\"https:\/\/www.un.org\/es\/about-us\/universal-declaration-of-human-rights\" target=\"_blank\" rel=\"noreferrer noopener\">Declaraci\u00f3n Universal de los Derechos Humanos de Naciones Unidas<\/a>, las enfermedades bucodentales siguen siendo un <strong>importante reto de salud p\u00fablica<\/strong> subestimado por la mayor\u00eda de pa\u00edses desarrollados, y Espa\u00f1a no es una excepci\u00f3n.<\/p>\n\n\n\n<p>Una de la principales radiograf\u00edas recientes de este panorama es el <a href=\"https:\/\/consejodentistas.es\/pdf\/ATLAS-2022\/FLIP-ATLAS-DE-SALUD-BUCODENTAL-ESPANA\/index.html\" target=\"_blank\" rel=\"noreferrer noopener\"><em>Atlas de la Salud Bucodental en Espa\u00f1a 2022: una llamada a la acci\u00f3n<\/em><\/a>, publicado por el <a href=\"https:\/\/consejodentistas.es\">Consejo General de Dentistas<\/a>. Se trata de un extenso trabajo que recopila informaci\u00f3n sobre diversos aspectos como los <strong>datos epidemiol\u00f3gicos<\/strong>, los <strong>h\u00e1bitos de los ciudadanos<\/strong>, los <strong>factores de riesgo<\/strong> que pueden afectar a la salud oral, y varias <strong>propuestas de mejora<\/strong> del estado general de la salud bucodental de la poblaci\u00f3n espa\u00f1ola.<\/p>\n\n\n\n<p>En cuanto a las principales patolog\u00edas que afectan a la tercera edad, el <a href=\"https:\/\/consejodentistas.es\/pdf\/ATLAS-2022\/FLIP-ATLAS-DE-SALUD-BUCODENTAL-ESPANA\/index.html\" target=\"_blank\" rel=\"noreferrer noopener\"><em>Atlas de la Salud Bucodental<\/em><\/a> se\u00f1ala que <strong>la enfermedad periodontal afecta en torno a un tercio de las personas mayores de entre 65 y 80 a\u00f1os<\/strong>, y que cerca del 12% de los casos se corresponden con la forma severa de <a href=\"https:\/\/medlineplus.gov\/spanish\/ency\/article\/001059.htm\" data-type=\"link\" data-id=\"https:\/\/medlineplus.gov\/spanish\/ency\/article\/001059.htm\" target=\"_blank\" rel=\"noreferrer noopener\">periodontitis<\/a>.<\/p>\n\n\n\n<p>El <strong>edentulismo o p\u00e9rdida de piezas<\/strong> dentales tiene tambi\u00e9n una elevada prevalencia en los adultos mayores, con una media de 11 dientes ausentes, y <strong>solamente el 45% tiene dentici\u00f3n funcional<\/strong>, con 21 dientes o m\u00e1s funcionales, mientras que <strong>un 7,3% son ed\u00e9ntulos totales<\/strong>.<\/p>\n\n\n\n<p>Si bien cabe se\u00f1alar la mejora en este aspecto, ya que entre el a\u00f1o 2000 y el 2020 se redujo el n\u00famero de ed\u00e9ntulos totales del 23,4% hasta la cifra actual, <strong>el edentulismo total afecta tres veces m\u00e1s a los adultos mayores de nivel social bajo<\/strong>, por lo que supone un <strong>factor de grave desigualdad<\/strong>.<\/p>\n\n\n\n<p>En cuanto a la prevalencia del <a href=\"https:\/\/luracare.es\/es_es\/2024\/02\/cancer-oral-tipos-y-prevalencia\/\" target=\"_blank\" rel=\"noreferrer noopener\">c\u00e1ncer oral<\/a>, que afecta predominantemente a los hombres a partir de los 50 a\u00f1os, el estudio indica que <strong>cada a\u00f1o se diagnostican en torno a 8.000 nuevos casos, de los cuales un 75% se detectan de forma tard\u00eda<\/strong>. Por este motivo, la prevenci\u00f3n en salud bucodental se perfila como un elemento clave para mejorar la atenci\u00f3n temprana y con ello las tasas de recuperaci\u00f3n de las personas afectadas.<\/p>\n\n\n\n<p>Como se desprende de este trabajo, la situaci\u00f3n de <strong>la salud bucodental en Espa\u00f1a tiene todav\u00eda un amplio margen de mejora, y muy especialmente entre los colectivos m\u00e1s vulnerables como el de las personas mayores<\/strong>, en los que estas enfermedades pueden propiciar o agravar otras patolog\u00edas.<\/p>\n\n\n\n<p>Las cifras recogidas en el informe establecen que en la Uni\u00f3n Europea <strong>el coste de los servicios de atenci\u00f3n bucodental asciende a un total de 90.000 millones de euros<\/strong>, solamente superado por el de la atenci\u00f3n a las <a href=\"https:\/\/medlineplus.gov\/spanish\/ency\/patientinstructions\/000759.htm\" target=\"_blank\" rel=\"noreferrer noopener\">enfermedades cardiovasculares<\/a> y la <a href=\"https:\/\/medlineplus.gov\/spanish\/diabetes.html\" target=\"_blank\" rel=\"noreferrer noopener\">diabetes<\/a>. En Espa\u00f1a, en el a\u00f1o 2019 el gasto dental por ciudadano fue de 90 euros, de los cuales el 98% corresponde con gasto directo del bolsillo de los pacientes, mientras que esta cifra result\u00f3 muy inferior en otros pa\u00edses europeos como Francia (22%) y Alemania (25%).<\/p>\n\n\n\n<p>En <a href=\"https:\/\/luracare.es\" target=\"_blank\" rel=\"noreferrer noopener\">Lura Care<\/a> defendemos que es necesario impulsar una <strong>profunda reforma del sistema de atenci\u00f3n en salud bucodental a todos los niveles<\/strong>, que nos permita avanzar para dar respuesta de forma universal a muchas situaciones de necesidad que quedan completamente desatendidas.<\/p>\n\n\n\n<p>Para ello, resulta fundamental fomentar intensamente las medidas de prevenci\u00f3n, como hacemos mediante las <strong>revisiones odontol\u00f3gicas gratuitas y sin compromiso<\/strong> que realizamos a todos los residentes de los centros residenciales y centros de d\u00eda.&nbsp;<\/p>\n\n\n\n<p>Y debemos asegurar tambi\u00e9n una <strong>odontolog\u00eda accesible para todas las personas<\/strong>, sea cual sea su condici\u00f3n. Con este fin, en <a href=\"https:\/\/luracare.es\" target=\"_blank\" rel=\"noreferrer noopener\">Lura Care<\/a> ofrecemos servicios de salud bucodental adaptados en los propios centros, <strong>rompiendo la barrera de la movilidad<\/strong>, y tratamientos con <strong>precios ajustados y opciones de financiaci\u00f3n flexible y hasta 5 a\u00f1os<\/strong>, para que ninguna persona se quede sin la atenci\u00f3n que precisa por motivos econ\u00f3micos.<\/p>\n\n\n\n<p>Pero por encima de todo, la mejora de la salud bucodental en Espa\u00f1a depender\u00e1 de una <strong>verdadera voluntad de cambio<\/strong>, y de una apuesta decidida a nivel sist\u00e9mico por la <strong>colaboraci\u00f3n con el sector privado<\/strong> en la elaboraci\u00f3n y ejecuci\u00f3n de los planes de atenci\u00f3n sanitaria, especialmente en el \u00e1mbito de la dependencia, y que nos permitan <strong>avanzar para que el derecho universal a una sonrisa sana sea una realidad<\/strong> para todas las personas.<\/p>\n\n\n\n<p><\/p>\n\n\n\n<p><\/p>\n\n\n\n<p><\/p>\n\n\n\n<p><\/p>\n","protected":false},"excerpt":{"rendered":"<p>Si bien la Word Dental Federation (FDI) reconoce la salud bucodental como parte integral del derecho a la salud, y por tanto en un derecho b\u00e1sico reconocido en la Declaraci\u00f3n Universal de los Derechos Humanos de Naciones Unidas, las enfermedades bucodentales siguen siendo un importante reto de salud p\u00fablica subestimado por la mayor\u00eda de pa\u00edses&hellip; <a class=\"continue\" href=\"https:\/\/luracare.es\/es_es\/2024\/06\/como-es-la-salud-oral-de-las-personas-mayores-en-espana\/\">Continue Reading<span> \u00bfC\u00f3mo es la salud oral de las personas mayores en Espa\u00f1a?<\/span><\/a><\/p>\n","protected":false},"author":3,"featured_media":3692,"comment_status":"closed","ping_status":"open","sticky":false,"template":"","format":"standard","meta":{"_coblocks_attr":"","_coblocks_dimensions":"","_coblocks_responsive_height":"","_coblocks_accordion_ie_support":"","footnotes":""},"categories":[18],"tags":[155,172,197,196,25,49,28,141,44,50,41],"class_list":["post-3691","post","type-post","status-publish","format-standard","has-post-thumbnail","hentry","category-articulos","tag-cancer-oral","tag-diabetes","tag-edentulismo","tag-enfermedades-cardiovasculares","tag-odontologia","tag-periodontitis","tag-personas-mayores","tag-prevencion","tag-salud-bucodental","tag-salud-oral","tag-tercera-edad"],"yoast_head":"<!-- This site is optimized with the Yoast SEO plugin v27.5 - https:\/\/yoast.com\/product\/yoast-seo-wordpress\/ -->\n<title>\u00bfC\u00f3mo es la salud oral de las personas mayores en Espa\u00f1a? - Lura Care Espa\u00f1a<\/title>\n<meta name=\"description\" content=\"L\u00edderes en odontolog\u00eda residencial para la tercera edad y las personas con diversidad funcional. \u00a1Cont\u00e1ctanos ahora!\" \/>\n<meta name=\"robots\" content=\"index, follow, max-snippet:-1, max-image-preview:large, max-video-preview:-1\" \/>\n<link rel=\"canonical\" href=\"https:\/\/luracare.es\/es_es\/2024\/06\/como-es-la-salud-oral-de-las-personas-mayores-en-espana\/\" \/>\n<meta property=\"og:locale\" content=\"es_ES\" \/>\n<meta property=\"og:type\" content=\"article\" \/>\n<meta property=\"og:title\" content=\"\u00bfC\u00f3mo es la salud oral de las personas mayores en Espa\u00f1a? - Lura Care Espa\u00f1a\" \/>\n<meta property=\"og:description\" content=\"L\u00edderes en odontolog\u00eda residencial para la tercera edad y las personas con diversidad funcional. \u00a1Cont\u00e1ctanos ahora!\" \/>\n<meta property=\"og:url\" content=\"https:\/\/luracare.es\/es_es\/2024\/06\/como-es-la-salud-oral-de-las-personas-mayores-en-espana\/\" \/>\n<meta property=\"og:site_name\" content=\"Lura Care Espa\u00f1a\" \/>\n<meta property=\"article:published_time\" content=\"2024-06-04T07:15:14+00:00\" \/>\n<meta property=\"article:modified_time\" content=\"2024-06-04T08:06:06+00:00\" \/>\n<meta property=\"og:image\" content=\"https:\/\/luracare.es\/wp-content\/uploads\/2024\/06\/LuraCare-ES-Articulos-Salud_oral_mayores_Espana-1200x600-1.jpg\" \/>\n\t<meta property=\"og:image:width\" content=\"1200\" \/>\n\t<meta property=\"og:image:height\" content=\"600\" \/>\n\t<meta property=\"og:image:type\" content=\"image\/jpeg\" \/>\n<meta name=\"author\" content=\"Ramon Prats\" \/>\n<meta name=\"twitter:card\" content=\"summary_large_image\" \/>\n<meta name=\"twitter:label1\" content=\"Escrito por\" \/>\n\t<meta name=\"twitter:data1\" content=\"Ramon Prats\" \/>\n\t<meta name=\"twitter:label2\" content=\"Tiempo de lectura\" \/>\n\t<meta name=\"twitter:data2\" content=\"4 minutos\" \/>\n<script type=\"application\/ld+json\" class=\"yoast-schema-graph\">{\"@context\":\"https:\\\/\\\/schema.org\",\"@graph\":[{\"@type\":\"Article\",\"@id\":\"https:\\\/\\\/luracare.es\\\/es_es\\\/2024\\\/06\\\/como-es-la-salud-oral-de-las-personas-mayores-en-espana\\\/#article\",\"isPartOf\":{\"@id\":\"https:\\\/\\\/luracare.es\\\/es_es\\\/2024\\\/06\\\/como-es-la-salud-oral-de-las-personas-mayores-en-espana\\\/\"},\"author\":{\"name\":\"Ramon Prats\",\"@id\":\"https:\\\/\\\/luracare.es\\\/ca\\\/#\\\/schema\\\/person\\\/481791a2cec057d87c344bde8cbe83a7\"},\"headline\":\"\u00bfC\u00f3mo es la salud oral de las personas mayores en Espa\u00f1a?\",\"datePublished\":\"2024-06-04T07:15:14+00:00\",\"dateModified\":\"2024-06-04T08:06:06+00:00\",\"mainEntityOfPage\":{\"@id\":\"https:\\\/\\\/luracare.es\\\/es_es\\\/2024\\\/06\\\/como-es-la-salud-oral-de-las-personas-mayores-en-espana\\\/\"},\"wordCount\":774,\"publisher\":{\"@id\":\"https:\\\/\\\/luracare.es\\\/ca\\\/#organization\"},\"image\":{\"@id\":\"https:\\\/\\\/luracare.es\\\/es_es\\\/2024\\\/06\\\/como-es-la-salud-oral-de-las-personas-mayores-en-espana\\\/#primaryimage\"},\"thumbnailUrl\":\"https:\\\/\\\/luracare.es\\\/wp-content\\\/uploads\\\/2024\\\/06\\\/LuraCare-ES-Articulos-Salud_oral_mayores_Espana-1200x600-1.jpg\",\"keywords\":[\"c\u00e1ncer oral\",\"diabetes\",\"edentulismo\",\"enfermedades cardiovasculares\",\"odontolog\u00eda\",\"periodontitis\",\"personas mayores\",\"prevenci\u00f3n\",\"salud bucodental\",\"salud oral\",\"tercera edad\"],\"articleSection\":[\"Articulos\"],\"inLanguage\":\"es\"},{\"@type\":\"WebPage\",\"@id\":\"https:\\\/\\\/luracare.es\\\/es_es\\\/2024\\\/06\\\/como-es-la-salud-oral-de-las-personas-mayores-en-espana\\\/\",\"url\":\"https:\\\/\\\/luracare.es\\\/es_es\\\/2024\\\/06\\\/como-es-la-salud-oral-de-las-personas-mayores-en-espana\\\/\",\"name\":\"\u00bfC\u00f3mo es la salud oral de las personas mayores en Espa\u00f1a? - Lura Care Espa\u00f1a\",\"isPartOf\":{\"@id\":\"https:\\\/\\\/luracare.es\\\/ca\\\/#website\"},\"primaryImageOfPage\":{\"@id\":\"https:\\\/\\\/luracare.es\\\/es_es\\\/2024\\\/06\\\/como-es-la-salud-oral-de-las-personas-mayores-en-espana\\\/#primaryimage\"},\"image\":{\"@id\":\"https:\\\/\\\/luracare.es\\\/es_es\\\/2024\\\/06\\\/como-es-la-salud-oral-de-las-personas-mayores-en-espana\\\/#primaryimage\"},\"thumbnailUrl\":\"https:\\\/\\\/luracare.es\\\/wp-content\\\/uploads\\\/2024\\\/06\\\/LuraCare-ES-Articulos-Salud_oral_mayores_Espana-1200x600-1.jpg\",\"datePublished\":\"2024-06-04T07:15:14+00:00\",\"dateModified\":\"2024-06-04T08:06:06+00:00\",\"description\":\"L\u00edderes en odontolog\u00eda residencial para la tercera edad y las personas con diversidad funcional. \u00a1Cont\u00e1ctanos ahora!\",\"breadcrumb\":{\"@id\":\"https:\\\/\\\/luracare.es\\\/es_es\\\/2024\\\/06\\\/como-es-la-salud-oral-de-las-personas-mayores-en-espana\\\/#breadcrumb\"},\"inLanguage\":\"es\",\"potentialAction\":[{\"@type\":\"ReadAction\",\"target\":[\"https:\\\/\\\/luracare.es\\\/es_es\\\/2024\\\/06\\\/como-es-la-salud-oral-de-las-personas-mayores-en-espana\\\/\"]}]},{\"@type\":\"ImageObject\",\"inLanguage\":\"es\",\"@id\":\"https:\\\/\\\/luracare.es\\\/es_es\\\/2024\\\/06\\\/como-es-la-salud-oral-de-las-personas-mayores-en-espana\\\/#primaryimage\",\"url\":\"https:\\\/\\\/luracare.es\\\/wp-content\\\/uploads\\\/2024\\\/06\\\/LuraCare-ES-Articulos-Salud_oral_mayores_Espana-1200x600-1.jpg\",\"contentUrl\":\"https:\\\/\\\/luracare.es\\\/wp-content\\\/uploads\\\/2024\\\/06\\\/LuraCare-ES-Articulos-Salud_oral_mayores_Espana-1200x600-1.jpg\",\"width\":1200,\"height\":600,\"caption\":\"Hombre sonriendo\"},{\"@type\":\"BreadcrumbList\",\"@id\":\"https:\\\/\\\/luracare.es\\\/es_es\\\/2024\\\/06\\\/como-es-la-salud-oral-de-las-personas-mayores-en-espana\\\/#breadcrumb\",\"itemListElement\":[{\"@type\":\"ListItem\",\"position\":1,\"name\":\"Portada\",\"item\":\"https:\\\/\\\/luracare.es\\\/ca\\\/\"},{\"@type\":\"ListItem\",\"position\":2,\"name\":\"\u00bfC\u00f3mo es la salud oral de las personas mayores en Espa\u00f1a?\"}]},{\"@type\":\"WebSite\",\"@id\":\"https:\\\/\\\/luracare.es\\\/ca\\\/#website\",\"url\":\"https:\\\/\\\/luracare.es\\\/ca\\\/\",\"name\":\"Lura Care - La asistencia domiciliaria que necesitas\",\"description\":\"L\u00edderes en odontolog\u00eda residencial para la tercera edad y las personas con diversidad funcional.\",\"publisher\":{\"@id\":\"https:\\\/\\\/luracare.es\\\/ca\\\/#organization\"},\"alternateName\":\"Lura Care\",\"potentialAction\":[{\"@type\":\"SearchAction\",\"target\":{\"@type\":\"EntryPoint\",\"urlTemplate\":\"https:\\\/\\\/luracare.es\\\/ca\\\/?s={search_term_string}\"},\"query-input\":{\"@type\":\"PropertyValueSpecification\",\"valueRequired\":true,\"valueName\":\"search_term_string\"}}],\"inLanguage\":\"es\"},{\"@type\":\"Organization\",\"@id\":\"https:\\\/\\\/luracare.es\\\/ca\\\/#organization\",\"name\":\"Lura Care\",\"alternateName\":\"DENTAL RESIDENCY S.L.\",\"url\":\"https:\\\/\\\/luracare.es\\\/ca\\\/\",\"logo\":{\"@type\":\"ImageObject\",\"inLanguage\":\"es\",\"@id\":\"https:\\\/\\\/luracare.es\\\/ca\\\/#\\\/schema\\\/logo\\\/image\\\/\",\"url\":\"https:\\\/\\\/luracare.es\\\/wp-content\\\/uploads\\\/2023\\\/10\\\/Lura_Care_Bringing_Health_To-Your_Home_h1_claim.png\",\"contentUrl\":\"https:\\\/\\\/luracare.es\\\/wp-content\\\/uploads\\\/2023\\\/10\\\/Lura_Care_Bringing_Health_To-Your_Home_h1_claim.png\",\"width\":3290,\"height\":943,\"caption\":\"Lura Care\"},\"image\":{\"@id\":\"https:\\\/\\\/luracare.es\\\/ca\\\/#\\\/schema\\\/logo\\\/image\\\/\"}},{\"@type\":\"Person\",\"@id\":\"https:\\\/\\\/luracare.es\\\/ca\\\/#\\\/schema\\\/person\\\/481791a2cec057d87c344bde8cbe83a7\",\"name\":\"Ramon Prats\",\"image\":{\"@type\":\"ImageObject\",\"inLanguage\":\"es\",\"@id\":\"https:\\\/\\\/secure.gravatar.com\\\/avatar\\\/c626816712aa8911daa37bd8129f436f3b1b4c74d0ef5669f69af79994f3648d?s=96&d=wavatar&r=g\",\"url\":\"https:\\\/\\\/secure.gravatar.com\\\/avatar\\\/c626816712aa8911daa37bd8129f436f3b1b4c74d0ef5669f69af79994f3648d?s=96&d=wavatar&r=g\",\"contentUrl\":\"https:\\\/\\\/secure.gravatar.com\\\/avatar\\\/c626816712aa8911daa37bd8129f436f3b1b4c74d0ef5669f69af79994f3648d?s=96&d=wavatar&r=g\",\"caption\":\"Ramon Prats\"},\"url\":\"https:\\\/\\\/luracare.es\\\/es_es\\\/author\\\/rprats\\\/\"}]}<\/script>\n<!-- \/ Yoast SEO plugin. -->","yoast_head_json":{"title":"\u00bfC\u00f3mo es la salud oral de las personas mayores en Espa\u00f1a? - Lura Care Espa\u00f1a","description":"L\u00edderes en odontolog\u00eda residencial para la tercera edad y las personas con diversidad funcional. \u00a1Cont\u00e1ctanos ahora!","robots":{"index":"index","follow":"follow","max-snippet":"max-snippet:-1","max-image-preview":"max-image-preview:large","max-video-preview":"max-video-preview:-1"},"canonical":"https:\/\/luracare.es\/es_es\/2024\/06\/como-es-la-salud-oral-de-las-personas-mayores-en-espana\/","og_locale":"es_ES","og_type":"article","og_title":"\u00bfC\u00f3mo es la salud oral de las personas mayores en Espa\u00f1a? - Lura Care Espa\u00f1a","og_description":"L\u00edderes en odontolog\u00eda residencial para la tercera edad y las personas con diversidad funcional. \u00a1Cont\u00e1ctanos ahora!","og_url":"https:\/\/luracare.es\/es_es\/2024\/06\/como-es-la-salud-oral-de-las-personas-mayores-en-espana\/","og_site_name":"Lura Care Espa\u00f1a","article_published_time":"2024-06-04T07:15:14+00:00","article_modified_time":"2024-06-04T08:06:06+00:00","og_image":[{"width":1200,"height":600,"url":"https:\/\/luracare.es\/wp-content\/uploads\/2024\/06\/LuraCare-ES-Articulos-Salud_oral_mayores_Espana-1200x600-1.jpg","type":"image\/jpeg"}],"author":"Ramon Prats","twitter_card":"summary_large_image","twitter_misc":{"Escrito por":"Ramon Prats","Tiempo de lectura":"4 minutos"},"schema":{"@context":"https:\/\/schema.org","@graph":[{"@type":"Article","@id":"https:\/\/luracare.es\/es_es\/2024\/06\/como-es-la-salud-oral-de-las-personas-mayores-en-espana\/#article","isPartOf":{"@id":"https:\/\/luracare.es\/es_es\/2024\/06\/como-es-la-salud-oral-de-las-personas-mayores-en-espana\/"},"author":{"name":"Ramon Prats","@id":"https:\/\/luracare.es\/ca\/#\/schema\/person\/481791a2cec057d87c344bde8cbe83a7"},"headline":"\u00bfC\u00f3mo es la salud oral de las personas mayores en Espa\u00f1a?","datePublished":"2024-06-04T07:15:14+00:00","dateModified":"2024-06-04T08:06:06+00:00","mainEntityOfPage":{"@id":"https:\/\/luracare.es\/es_es\/2024\/06\/como-es-la-salud-oral-de-las-personas-mayores-en-espana\/"},"wordCount":774,"publisher":{"@id":"https:\/\/luracare.es\/ca\/#organization"},"image":{"@id":"https:\/\/luracare.es\/es_es\/2024\/06\/como-es-la-salud-oral-de-las-personas-mayores-en-espana\/#primaryimage"},"thumbnailUrl":"https:\/\/luracare.es\/wp-content\/uploads\/2024\/06\/LuraCare-ES-Articulos-Salud_oral_mayores_Espana-1200x600-1.jpg","keywords":["c\u00e1ncer oral","diabetes","edentulismo","enfermedades cardiovasculares","odontolog\u00eda","periodontitis","personas mayores","prevenci\u00f3n","salud bucodental","salud oral","tercera edad"],"articleSection":["Articulos"],"inLanguage":"es"},{"@type":"WebPage","@id":"https:\/\/luracare.es\/es_es\/2024\/06\/como-es-la-salud-oral-de-las-personas-mayores-en-espana\/","url":"https:\/\/luracare.es\/es_es\/2024\/06\/como-es-la-salud-oral-de-las-personas-mayores-en-espana\/","name":"\u00bfC\u00f3mo es la salud oral de las personas mayores en Espa\u00f1a? - Lura Care Espa\u00f1a","isPartOf":{"@id":"https:\/\/luracare.es\/ca\/#website"},"primaryImageOfPage":{"@id":"https:\/\/luracare.es\/es_es\/2024\/06\/como-es-la-salud-oral-de-las-personas-mayores-en-espana\/#primaryimage"},"image":{"@id":"https:\/\/luracare.es\/es_es\/2024\/06\/como-es-la-salud-oral-de-las-personas-mayores-en-espana\/#primaryimage"},"thumbnailUrl":"https:\/\/luracare.es\/wp-content\/uploads\/2024\/06\/LuraCare-ES-Articulos-Salud_oral_mayores_Espana-1200x600-1.jpg","datePublished":"2024-06-04T07:15:14+00:00","dateModified":"2024-06-04T08:06:06+00:00","description":"L\u00edderes en odontolog\u00eda residencial para la tercera edad y las personas con diversidad funcional. \u00a1Cont\u00e1ctanos ahora!","breadcrumb":{"@id":"https:\/\/luracare.es\/es_es\/2024\/06\/como-es-la-salud-oral-de-las-personas-mayores-en-espana\/#breadcrumb"},"inLanguage":"es","potentialAction":[{"@type":"ReadAction","target":["https:\/\/luracare.es\/es_es\/2024\/06\/como-es-la-salud-oral-de-las-personas-mayores-en-espana\/"]}]},{"@type":"ImageObject","inLanguage":"es","@id":"https:\/\/luracare.es\/es_es\/2024\/06\/como-es-la-salud-oral-de-las-personas-mayores-en-espana\/#primaryimage","url":"https:\/\/luracare.es\/wp-content\/uploads\/2024\/06\/LuraCare-ES-Articulos-Salud_oral_mayores_Espana-1200x600-1.jpg","contentUrl":"https:\/\/luracare.es\/wp-content\/uploads\/2024\/06\/LuraCare-ES-Articulos-Salud_oral_mayores_Espana-1200x600-1.jpg","width":1200,"height":600,"caption":"Hombre sonriendo"},{"@type":"BreadcrumbList","@id":"https:\/\/luracare.es\/es_es\/2024\/06\/como-es-la-salud-oral-de-las-personas-mayores-en-espana\/#breadcrumb","itemListElement":[{"@type":"ListItem","position":1,"name":"Portada","item":"https:\/\/luracare.es\/ca\/"},{"@type":"ListItem","position":2,"name":"\u00bfC\u00f3mo es la salud oral de las personas mayores en Espa\u00f1a?"}]},{"@type":"WebSite","@id":"https:\/\/luracare.es\/ca\/#website","url":"https:\/\/luracare.es\/ca\/","name":"Lura Care - La asistencia domiciliaria que necesitas","description":"L\u00edderes en odontolog\u00eda residencial para la tercera edad y las personas con diversidad funcional.","publisher":{"@id":"https:\/\/luracare.es\/ca\/#organization"},"alternateName":"Lura Care","potentialAction":[{"@type":"SearchAction","target":{"@type":"EntryPoint","urlTemplate":"https:\/\/luracare.es\/ca\/?s={search_term_string}"},"query-input":{"@type":"PropertyValueSpecification","valueRequired":true,"valueName":"search_term_string"}}],"inLanguage":"es"},{"@type":"Organization","@id":"https:\/\/luracare.es\/ca\/#organization","name":"Lura Care","alternateName":"DENTAL RESIDENCY S.L.","url":"https:\/\/luracare.es\/ca\/","logo":{"@type":"ImageObject","inLanguage":"es","@id":"https:\/\/luracare.es\/ca\/#\/schema\/logo\/image\/","url":"https:\/\/luracare.es\/wp-content\/uploads\/2023\/10\/Lura_Care_Bringing_Health_To-Your_Home_h1_claim.png","contentUrl":"https:\/\/luracare.es\/wp-content\/uploads\/2023\/10\/Lura_Care_Bringing_Health_To-Your_Home_h1_claim.png","width":3290,"height":943,"caption":"Lura Care"},"image":{"@id":"https:\/\/luracare.es\/ca\/#\/schema\/logo\/image\/"}},{"@type":"Person","@id":"https:\/\/luracare.es\/ca\/#\/schema\/person\/481791a2cec057d87c344bde8cbe83a7","name":"Ramon Prats","image":{"@type":"ImageObject","inLanguage":"es","@id":"https:\/\/secure.gravatar.com\/avatar\/c626816712aa8911daa37bd8129f436f3b1b4c74d0ef5669f69af79994f3648d?s=96&d=wavatar&r=g","url":"https:\/\/secure.gravatar.com\/avatar\/c626816712aa8911daa37bd8129f436f3b1b4c74d0ef5669f69af79994f3648d?s=96&d=wavatar&r=g","contentUrl":"https:\/\/secure.gravatar.com\/avatar\/c626816712aa8911daa37bd8129f436f3b1b4c74d0ef5669f69af79994f3648d?s=96&d=wavatar&r=g","caption":"Ramon Prats"},"url":"https:\/\/luracare.es\/es_es\/author\/rprats\/"}]}},"_links":{"self":[{"href":"https:\/\/luracare.es\/es_es\/wp-json\/wp\/v2\/posts\/3691","targetHints":{"allow":["GET"]}}],"collection":[{"href":"https:\/\/luracare.es\/es_es\/wp-json\/wp\/v2\/posts"}],"about":[{"href":"https:\/\/luracare.es\/es_es\/wp-json\/wp\/v2\/types\/post"}],"author":[{"embeddable":true,"href":"https:\/\/luracare.es\/es_es\/wp-json\/wp\/v2\/users\/3"}],"replies":[{"embeddable":true,"href":"https:\/\/luracare.es\/es_es\/wp-json\/wp\/v2\/comments?post=3691"}],"version-history":[{"count":3,"href":"https:\/\/luracare.es\/es_es\/wp-json\/wp\/v2\/posts\/3691\/revisions"}],"predecessor-version":[{"id":3695,"href":"https:\/\/luracare.es\/es_es\/wp-json\/wp\/v2\/posts\/3691\/revisions\/3695"}],"wp:featuredmedia":[{"embeddable":true,"href":"https:\/\/luracare.es\/es_es\/wp-json\/wp\/v2\/media\/3692"}],"wp:attachment":[{"href":"https:\/\/luracare.es\/es_es\/wp-json\/wp\/v2\/media?parent=3691"}],"wp:term":[{"taxonomy":"category","embeddable":true,"href":"https:\/\/luracare.es\/es_es\/wp-json\/wp\/v2\/categories?post=3691"},{"taxonomy":"post_tag","embeddable":true,"href":"https:\/\/luracare.es\/es_es\/wp-json\/wp\/v2\/tags?post=3691"}],"curies":[{"name":"wp","href":"https:\/\/api.w.org\/{rel}","templated":true}]}}