{"id":5680,"date":"2025-06-10T07:31:31","date_gmt":"2025-06-10T07:31:31","guid":{"rendered":"https:\/\/luracare.es\/?p=5680"},"modified":"2025-06-10T07:31:32","modified_gmt":"2025-06-10T07:31:32","slug":"lura-care-10-anos-impacto-social","status":"publish","type":"post","link":"https:\/\/luracare.es\/es_es\/2025\/06\/lura-care-10-anos-impacto-social\/","title":{"rendered":"Lura Care: 10 a\u00f1os de impacto social"},"content":{"rendered":"\n<h6 class=\"wp-block-heading has-primary-color has-text-color has-link-color wp-elements-7f364f975a2daca2405a2320138a2b33\">En Lura Care cumplimos 10 a\u00f1os, una d\u00e9cada de esfuerzo y dedicaci\u00f3n para lograr que los servicios de salud domiciliaria sean una realidad a trav\u00e9s de nuestro innovador modelo de servicios de salud m\u00f3viles. Ha sido un apasionante viaje que nos ha llevado desde nuestros comienzos en Espa\u00f1a, a convertirnos en una compa\u00f1\u00eda de referencia en Europa.<\/h6>\n\n\n\n<div style=\"height:30px\" aria-hidden=\"true\" class=\"wp-block-spacer\"><\/div>\n\n\n\n<p>Parece que fue ayer cuando empezamos, pero <strong>han pasado ya 10 a\u00f1os desde que pusimos en marcha nuestro modelo de odontolog\u00eda domiciliaria<\/strong> desde nuestras humildes primeras oficinas en Barcelona. Con el nombre <strong>Dental Residency<\/strong>, nacimos en el a\u00f1o 2015 con la visi\u00f3n de llevar la salud oral hasta el lugar de residencia de todas aquellas personas que no pod\u00edan o ten\u00edan grandes dificultades para desplazarse hasta una cl\u00ednica dental.<\/p>\n\n\n\n<p>As\u00ed fue como pusimos en marcha un <strong>innovador modelo de servicios de odontolog\u00eda m\u00f3viles<\/strong> con el que empezamos a prestar servicio a residencias y centros de d\u00eda. Una propuesta disruptiva que nos permiti\u00f3 dar <strong>respuesta a las necesidades de atenci\u00f3n dental de miles de personas mayores y personas con diversidad funcional<\/strong>, que de otro modo no pod\u00edan acceder a las prestaciones que necesitaban.<\/p>\n\n\n\n<p>A lo largo de los primeros a\u00f1os nos centramos en la consolidaci\u00f3n de nuestro modelo en Espa\u00f1a, que nos llev\u00f3 a convertirnos en la <strong>compa\u00f1\u00eda l\u00edder del sector<\/strong> con presencia en Catalunya, la Comunidad de Madrid, la Comunitat Valenciana, Euskadi, Navarra y las Islas Baleares.<\/p>\n\n\n\n<h5 class=\"wp-block-heading has-primary-color has-text-color has-link-color wp-elements-2b519925f0029c5979435989b30aac14\"><strong>Lura Care, el gran paso adelante<\/strong><\/h5>\n\n\n\n<p>Pero con el tiempo nos dimos cuenta de los colectivos que atend\u00edamos ten\u00edan otras necesidades no atendidas. <strong>Muchas de ellas sufr\u00edan alteraciones auditivas y visuales<\/strong> que, del mismo modo que con las dolencias dentales, ten\u00edan un impacto negativo sobre la salud, la autoestima, el estado de \u00e1nimo y la capacidad de socializaci\u00f3n de las personas afectadas.<\/p>\n\n\n\n<p>As\u00ed fue como en 2023 decidimos incorporar los <strong>servicios de audiolog\u00eda y \u00f3ptica domiciliaria<\/strong>, que empezamos prestar mediante el mismo modelo de atenci\u00f3n domiciliaria que desarrollamos para nuestros servicios dentales.<\/p>\n\n\n\n<p>Y para afrontar este reto, dimos un <strong>importante paso adelante cambiando nuestra marca para convertirnos en<\/strong> <a href=\"https:\/\/lura.care\/\" target=\"_blank\" rel=\"noreferrer noopener\">Lura Care<\/a>. Y con este nuevo nombre iniciamos una etapa de crecimiento, tanto en relaci\u00f3n con nuestra oferta de servicios, como en la expansi\u00f3n que ten\u00edamos en mente para poder llevarlos m\u00e1s all\u00e1 de las fronteras de Espa\u00f1a.<\/p>\n\n\n\n<h5 class=\"wp-block-heading has-primary-color has-text-color has-link-color wp-elements-1801ab464093907f50ecd747bd93f275\"><strong>Rompiendo la barrera de la movilidad en Europa<\/strong><\/h5>\n\n\n\n<p>Ese mismo a\u00f1o 2023 iniciamos nuestro plan de expansi\u00f3n internacional con la apertura de nuestro <strong>primer centro operativo en Baranzate, Mil\u00e1n<\/strong>, desde donde atendemos a residentes y usuarios de centros residenciales y centros de d\u00eda en las regiones de la Lombard\u00eda y el Piamonte.<\/p>\n\n\n\n<p>Una vez asentadas las actividades en estas dos regiones, nuestro plan a corto plazo es abrir nuevos centros en otras regiones italianas y seguir expandiendo las actividades hacia el sur del pa\u00eds.<\/p>\n\n\n\n<p>Tras la entrada en el mercado italiano, el siguiente paso fue el <strong>inicio de nuestras actividades en el Reino Unido en 2024 con la apertura de un <em>hub<\/em> dental en Hampton Hill, Londres<\/strong>, desde donde prestamos servicio a los centros de Londres, el sureste y parte del este de Inglaterra.<\/p>\n\n\n\n<p>Nuestras previsiones de futuro son seguir invirtiendo en el Reino Unido para abrir oficinas en otras grandes ciudades como Birmingham, Manchester y Newcastle a partir de 2026.<\/p>\n\n\n\n<h5 class=\"wp-block-heading has-primary-color has-text-color has-link-color wp-elements-1554a185d457808d0fed9f561b00f0b1\"><strong>Impulsando un futuro de impacto<\/strong><\/h5>\n\n\n\n<p>Hoy, <a href=\"https:\/\/lura.care\/\" target=\"_blank\" rel=\"noreferrer noopener\">Lura Care<\/a> <strong>somos una<\/strong> <strong>compa\u00f1\u00eda de referencia en el \u00e1mbito de la salud domiciliaria en Europa<\/strong>. A lo largo de estos 10 intensos a\u00f1os, hemos atendido mediante nuestros servicios de odontolog\u00eda, audiolog\u00eda y \u00f3ptica domiciliaria a m\u00e1s de 120.000 personas mayores y personas con diversidad funcional.<\/p>\n\n\n\n<p>Pero esto no habr\u00eda sido posible sin contar con la <strong>confianza que nos brindan las m\u00e1s de 1.000 residencias y centros de d\u00eda con los que colaboramos<\/strong>, y con los que compartimos el compromiso de velar por la salud y el bienestar de sus residentes y usuarios.<\/p>\n\n\n\n<p>Nuestro objetivo para los pr\u00f3ximos a\u00f1os es seguir <strong>mejorando de forma continua nuestros servicios y operativa<\/strong>, para atender a nuestros pacientes y sus familias con la excelencia y la sensibilidad que merecen.<\/p>\n\n\n\n<p>Daremos tambi\u00e9n un <strong>nuevo impulso a la atenci\u00f3n en domicilios particulares<\/strong>, haciendo accesibles los servicios de salud a miles de personas dependientes que, pese a vivir en su propio hogar, afrontan las mismas dificultades de movilidad para desplazarse hasta un centro de salud.<\/p>\n\n\n\n<p>Y queremos <strong>seguir exportando nuestro modelo a otros pa\u00edses como Alemania o Francia<\/strong>, con el objetivo de que en 5 a\u00f1os podamos dar cobertura a m\u00e1s de 2 millones de personas, con 25 centros operativos en cinco pa\u00edses, y atender a m\u00e1s de 300.000 personas cada a\u00f1o y realizar m\u00e1s de 70.000 tratamientos.<\/p>\n\n\n\n<p>Todo el equipo de <a href=\"https:\/\/lura.care\/\" target=\"_blank\" rel=\"noreferrer noopener\">Lura Care<\/a> estamos comprometidos con un objetivo com\u00fan: <strong>romper la barrera de la movilidad<\/strong> para que los servicios de salud domiciliarios sean una realidad para todas las personas dependientes, est\u00e9n donde est\u00e9n y sea cual sea su condici\u00f3n.<\/p>\n\n\n\n\n\n<div style=\"height:50px\" aria-hidden=\"true\" class=\"wp-block-spacer\"><\/div>\n\n\n\n<p><\/p>\n","protected":false},"excerpt":{"rendered":"<p>En Lura Care cumplimos 10 a\u00f1os, una d\u00e9cada de esfuerzo y dedicaci\u00f3n para lograr que los servicios de salud domiciliaria sean una realidad a trav\u00e9s de nuestro innovador modelo de servicios de salud m\u00f3viles. Ha sido un apasionante viaje que nos ha llevado desde nuestros comienzos en Espa\u00f1a, a convertirnos en una compa\u00f1\u00eda de referencia en Europa. <a class=\"continue\" href=\"https:\/\/luracare.es\/es_es\/2025\/06\/lura-care-10-anos-impacto-social\/\">Continue Reading<span> Lura Care: 10 a\u00f1os de impacto social<\/span><\/a><\/p>\n","protected":false},"author":3,"featured_media":5681,"comment_status":"open","ping_status":"open","sticky":false,"template":"","format":"standard","meta":{"_coblocks_attr":"","_coblocks_dimensions":"","_coblocks_responsive_height":"","_coblocks_accordion_ie_support":"","footnotes":""},"categories":[18],"tags":[26,36,30,29,37,165,24,25,27,28],"class_list":["post-5680","post","type-post","status-publish","format-standard","has-post-thumbnail","hentry","category-articulos","tag-audiologia","tag-dependencia","tag-discapacidad","tag-diversidad-funcional","tag-impacto-social","tag-innovacion","tag-lura-care","tag-odontologia","tag-optica","tag-personas-mayores"],"yoast_head":"<!-- This site is optimized with the Yoast SEO plugin v27.5 - https:\/\/yoast.com\/product\/yoast-seo-wordpress\/ -->\n<title>Lura Care: 10 a\u00f1os de impacto social - Lura Care Espa\u00f1a<\/title>\n<meta name=\"description\" content=\"En Lura Care cumplimos 10 a\u00f1os, una d\u00e9cada de esfuerzo y dedicaci\u00f3n para lograr que los servicios de salud domiciliaria sean una realidad a trav\u00e9s de nuestro innovador modelo de servicios de salud m\u00f3viles.\" \/>\n<meta name=\"robots\" content=\"index, follow, max-snippet:-1, max-image-preview:large, max-video-preview:-1\" \/>\n<link rel=\"canonical\" href=\"https:\/\/luracare.es\/es_es\/2025\/06\/lura-care-10-anos-impacto-social\/\" \/>\n<meta property=\"og:locale\" content=\"es_ES\" \/>\n<meta property=\"og:type\" content=\"article\" \/>\n<meta property=\"og:title\" content=\"Lura Care: 10 a\u00f1os de impacto social - Lura Care Espa\u00f1a\" \/>\n<meta property=\"og:description\" content=\"En Lura Care cumplimos 10 a\u00f1os, una d\u00e9cada de esfuerzo y dedicaci\u00f3n para lograr que los servicios de salud domiciliaria sean una realidad a trav\u00e9s de nuestro innovador modelo de servicios de salud m\u00f3viles.\" \/>\n<meta property=\"og:url\" content=\"https:\/\/luracare.es\/es_es\/2025\/06\/lura-care-10-anos-impacto-social\/\" \/>\n<meta property=\"og:site_name\" content=\"Lura Care Espa\u00f1a\" \/>\n<meta property=\"article:published_time\" content=\"2025-06-10T07:31:31+00:00\" \/>\n<meta property=\"article:modified_time\" content=\"2025-06-10T07:31:32+00:00\" \/>\n<meta property=\"og:image\" content=\"https:\/\/luracare.es\/wp-content\/uploads\/2025\/06\/LuraCare-ES-Articulos-10_anos_impacto-1200x600-1.jpg\" \/>\n\t<meta property=\"og:image:width\" content=\"1200\" \/>\n\t<meta property=\"og:image:height\" content=\"600\" \/>\n\t<meta property=\"og:image:type\" content=\"image\/jpeg\" \/>\n<meta name=\"author\" content=\"Ramon Prats\" \/>\n<meta name=\"twitter:card\" content=\"summary_large_image\" \/>\n<meta name=\"twitter:label1\" content=\"Escrito por\" \/>\n\t<meta name=\"twitter:data1\" content=\"Ramon Prats\" \/>\n\t<meta name=\"twitter:label2\" content=\"Tiempo de lectura\" \/>\n\t<meta name=\"twitter:data2\" content=\"5 minutos\" \/>\n<script type=\"application\/ld+json\" class=\"yoast-schema-graph\">{\"@context\":\"https:\\\/\\\/schema.org\",\"@graph\":[{\"@type\":\"Article\",\"@id\":\"https:\\\/\\\/luracare.es\\\/es_es\\\/2025\\\/06\\\/lura-care-10-anos-impacto-social\\\/#article\",\"isPartOf\":{\"@id\":\"https:\\\/\\\/luracare.es\\\/es_es\\\/2025\\\/06\\\/lura-care-10-anos-impacto-social\\\/\"},\"author\":{\"name\":\"Ramon Prats\",\"@id\":\"https:\\\/\\\/luracare.es\\\/ca\\\/#\\\/schema\\\/person\\\/481791a2cec057d87c344bde8cbe83a7\"},\"headline\":\"Lura Care: 10 a\u00f1os de impacto social\",\"datePublished\":\"2025-06-10T07:31:31+00:00\",\"dateModified\":\"2025-06-10T07:31:32+00:00\",\"mainEntityOfPage\":{\"@id\":\"https:\\\/\\\/luracare.es\\\/es_es\\\/2025\\\/06\\\/lura-care-10-anos-impacto-social\\\/\"},\"wordCount\":920,\"commentCount\":0,\"publisher\":{\"@id\":\"https:\\\/\\\/luracare.es\\\/ca\\\/#organization\"},\"image\":{\"@id\":\"https:\\\/\\\/luracare.es\\\/es_es\\\/2025\\\/06\\\/lura-care-10-anos-impacto-social\\\/#primaryimage\"},\"thumbnailUrl\":\"https:\\\/\\\/luracare.es\\\/wp-content\\\/uploads\\\/2025\\\/06\\\/LuraCare-ES-Articulos-10_anos_impacto-1200x600-1.jpg\",\"keywords\":[\"audiolog\u00eda\",\"dependencia\",\"discapacidad\",\"diversidad funcional\",\"impacto social\",\"innovaci\u00f3n\",\"Lura Care\",\"odontolog\u00eda\",\"\u00f3ptica\",\"personas mayores\"],\"articleSection\":[\"Articulos\"],\"inLanguage\":\"es\",\"potentialAction\":[{\"@type\":\"CommentAction\",\"name\":\"Comment\",\"target\":[\"https:\\\/\\\/luracare.es\\\/es_es\\\/2025\\\/06\\\/lura-care-10-anos-impacto-social\\\/#respond\"]}]},{\"@type\":\"WebPage\",\"@id\":\"https:\\\/\\\/luracare.es\\\/es_es\\\/2025\\\/06\\\/lura-care-10-anos-impacto-social\\\/\",\"url\":\"https:\\\/\\\/luracare.es\\\/es_es\\\/2025\\\/06\\\/lura-care-10-anos-impacto-social\\\/\",\"name\":\"Lura Care: 10 a\u00f1os de impacto social - Lura Care Espa\u00f1a\",\"isPartOf\":{\"@id\":\"https:\\\/\\\/luracare.es\\\/ca\\\/#website\"},\"primaryImageOfPage\":{\"@id\":\"https:\\\/\\\/luracare.es\\\/es_es\\\/2025\\\/06\\\/lura-care-10-anos-impacto-social\\\/#primaryimage\"},\"image\":{\"@id\":\"https:\\\/\\\/luracare.es\\\/es_es\\\/2025\\\/06\\\/lura-care-10-anos-impacto-social\\\/#primaryimage\"},\"thumbnailUrl\":\"https:\\\/\\\/luracare.es\\\/wp-content\\\/uploads\\\/2025\\\/06\\\/LuraCare-ES-Articulos-10_anos_impacto-1200x600-1.jpg\",\"datePublished\":\"2025-06-10T07:31:31+00:00\",\"dateModified\":\"2025-06-10T07:31:32+00:00\",\"description\":\"En Lura Care cumplimos 10 a\u00f1os, una d\u00e9cada de esfuerzo y dedicaci\u00f3n para lograr que los servicios de salud domiciliaria sean una realidad a trav\u00e9s de nuestro innovador modelo de servicios de salud m\u00f3viles.\",\"breadcrumb\":{\"@id\":\"https:\\\/\\\/luracare.es\\\/es_es\\\/2025\\\/06\\\/lura-care-10-anos-impacto-social\\\/#breadcrumb\"},\"inLanguage\":\"es\",\"potentialAction\":[{\"@type\":\"ReadAction\",\"target\":[\"https:\\\/\\\/luracare.es\\\/es_es\\\/2025\\\/06\\\/lura-care-10-anos-impacto-social\\\/\"]}]},{\"@type\":\"ImageObject\",\"inLanguage\":\"es\",\"@id\":\"https:\\\/\\\/luracare.es\\\/es_es\\\/2025\\\/06\\\/lura-care-10-anos-impacto-social\\\/#primaryimage\",\"url\":\"https:\\\/\\\/luracare.es\\\/wp-content\\\/uploads\\\/2025\\\/06\\\/LuraCare-ES-Articulos-10_anos_impacto-1200x600-1.jpg\",\"contentUrl\":\"https:\\\/\\\/luracare.es\\\/wp-content\\\/uploads\\\/2025\\\/06\\\/LuraCare-ES-Articulos-10_anos_impacto-1200x600-1.jpg\",\"width\":1200,\"height\":600,\"caption\":\"Parece que fue ayer cuando empezamos, pero han pasado ya 10 a\u00f1os desde que pusimos en marcha nuestro modelo de odontolog\u00eda domiciliaria desde nuestras humildes primeras oficinas en Barcelona.\"},{\"@type\":\"BreadcrumbList\",\"@id\":\"https:\\\/\\\/luracare.es\\\/es_es\\\/2025\\\/06\\\/lura-care-10-anos-impacto-social\\\/#breadcrumb\",\"itemListElement\":[{\"@type\":\"ListItem\",\"position\":1,\"name\":\"Portada\",\"item\":\"https:\\\/\\\/luracare.es\\\/ca\\\/\"},{\"@type\":\"ListItem\",\"position\":2,\"name\":\"Lura Care: 10 a\u00f1os de impacto social\"}]},{\"@type\":\"WebSite\",\"@id\":\"https:\\\/\\\/luracare.es\\\/ca\\\/#website\",\"url\":\"https:\\\/\\\/luracare.es\\\/ca\\\/\",\"name\":\"Lura Care - La asistencia domiciliaria que necesitas\",\"description\":\"L\u00edderes en odontolog\u00eda residencial para la tercera edad y las personas con diversidad funcional.\",\"publisher\":{\"@id\":\"https:\\\/\\\/luracare.es\\\/ca\\\/#organization\"},\"alternateName\":\"Lura Care\",\"potentialAction\":[{\"@type\":\"SearchAction\",\"target\":{\"@type\":\"EntryPoint\",\"urlTemplate\":\"https:\\\/\\\/luracare.es\\\/ca\\\/?s={search_term_string}\"},\"query-input\":{\"@type\":\"PropertyValueSpecification\",\"valueRequired\":true,\"valueName\":\"search_term_string\"}}],\"inLanguage\":\"es\"},{\"@type\":\"Organization\",\"@id\":\"https:\\\/\\\/luracare.es\\\/ca\\\/#organization\",\"name\":\"Lura Care\",\"alternateName\":\"DENTAL RESIDENCY S.L.\",\"url\":\"https:\\\/\\\/luracare.es\\\/ca\\\/\",\"logo\":{\"@type\":\"ImageObject\",\"inLanguage\":\"es\",\"@id\":\"https:\\\/\\\/luracare.es\\\/ca\\\/#\\\/schema\\\/logo\\\/image\\\/\",\"url\":\"https:\\\/\\\/luracare.es\\\/wp-content\\\/uploads\\\/2023\\\/10\\\/Lura_Care_Bringing_Health_To-Your_Home_h1_claim.png\",\"contentUrl\":\"https:\\\/\\\/luracare.es\\\/wp-content\\\/uploads\\\/2023\\\/10\\\/Lura_Care_Bringing_Health_To-Your_Home_h1_claim.png\",\"width\":3290,\"height\":943,\"caption\":\"Lura Care\"},\"image\":{\"@id\":\"https:\\\/\\\/luracare.es\\\/ca\\\/#\\\/schema\\\/logo\\\/image\\\/\"}},{\"@type\":\"Person\",\"@id\":\"https:\\\/\\\/luracare.es\\\/ca\\\/#\\\/schema\\\/person\\\/481791a2cec057d87c344bde8cbe83a7\",\"name\":\"Ramon Prats\",\"image\":{\"@type\":\"ImageObject\",\"inLanguage\":\"es\",\"@id\":\"https:\\\/\\\/secure.gravatar.com\\\/avatar\\\/c626816712aa8911daa37bd8129f436f3b1b4c74d0ef5669f69af79994f3648d?s=96&d=wavatar&r=g\",\"url\":\"https:\\\/\\\/secure.gravatar.com\\\/avatar\\\/c626816712aa8911daa37bd8129f436f3b1b4c74d0ef5669f69af79994f3648d?s=96&d=wavatar&r=g\",\"contentUrl\":\"https:\\\/\\\/secure.gravatar.com\\\/avatar\\\/c626816712aa8911daa37bd8129f436f3b1b4c74d0ef5669f69af79994f3648d?s=96&d=wavatar&r=g\",\"caption\":\"Ramon Prats\"},\"url\":\"https:\\\/\\\/luracare.es\\\/es_es\\\/author\\\/rprats\\\/\"}]}<\/script>\n<!-- \/ Yoast SEO plugin. -->","yoast_head_json":{"title":"Lura Care: 10 a\u00f1os de impacto social - Lura Care Espa\u00f1a","description":"En Lura Care cumplimos 10 a\u00f1os, una d\u00e9cada de esfuerzo y dedicaci\u00f3n para lograr que los servicios de salud domiciliaria sean una realidad a trav\u00e9s de nuestro innovador modelo de servicios de salud m\u00f3viles.","robots":{"index":"index","follow":"follow","max-snippet":"max-snippet:-1","max-image-preview":"max-image-preview:large","max-video-preview":"max-video-preview:-1"},"canonical":"https:\/\/luracare.es\/es_es\/2025\/06\/lura-care-10-anos-impacto-social\/","og_locale":"es_ES","og_type":"article","og_title":"Lura Care: 10 a\u00f1os de impacto social - Lura Care Espa\u00f1a","og_description":"En Lura Care cumplimos 10 a\u00f1os, una d\u00e9cada de esfuerzo y dedicaci\u00f3n para lograr que los servicios de salud domiciliaria sean una realidad a trav\u00e9s de nuestro innovador modelo de servicios de salud m\u00f3viles.","og_url":"https:\/\/luracare.es\/es_es\/2025\/06\/lura-care-10-anos-impacto-social\/","og_site_name":"Lura Care Espa\u00f1a","article_published_time":"2025-06-10T07:31:31+00:00","article_modified_time":"2025-06-10T07:31:32+00:00","og_image":[{"width":1200,"height":600,"url":"https:\/\/luracare.es\/wp-content\/uploads\/2025\/06\/LuraCare-ES-Articulos-10_anos_impacto-1200x600-1.jpg","type":"image\/jpeg"}],"author":"Ramon Prats","twitter_card":"summary_large_image","twitter_misc":{"Escrito por":"Ramon Prats","Tiempo de lectura":"5 minutos"},"schema":{"@context":"https:\/\/schema.org","@graph":[{"@type":"Article","@id":"https:\/\/luracare.es\/es_es\/2025\/06\/lura-care-10-anos-impacto-social\/#article","isPartOf":{"@id":"https:\/\/luracare.es\/es_es\/2025\/06\/lura-care-10-anos-impacto-social\/"},"author":{"name":"Ramon Prats","@id":"https:\/\/luracare.es\/ca\/#\/schema\/person\/481791a2cec057d87c344bde8cbe83a7"},"headline":"Lura Care: 10 a\u00f1os de impacto social","datePublished":"2025-06-10T07:31:31+00:00","dateModified":"2025-06-10T07:31:32+00:00","mainEntityOfPage":{"@id":"https:\/\/luracare.es\/es_es\/2025\/06\/lura-care-10-anos-impacto-social\/"},"wordCount":920,"commentCount":0,"publisher":{"@id":"https:\/\/luracare.es\/ca\/#organization"},"image":{"@id":"https:\/\/luracare.es\/es_es\/2025\/06\/lura-care-10-anos-impacto-social\/#primaryimage"},"thumbnailUrl":"https:\/\/luracare.es\/wp-content\/uploads\/2025\/06\/LuraCare-ES-Articulos-10_anos_impacto-1200x600-1.jpg","keywords":["audiolog\u00eda","dependencia","discapacidad","diversidad funcional","impacto social","innovaci\u00f3n","Lura Care","odontolog\u00eda","\u00f3ptica","personas mayores"],"articleSection":["Articulos"],"inLanguage":"es","potentialAction":[{"@type":"CommentAction","name":"Comment","target":["https:\/\/luracare.es\/es_es\/2025\/06\/lura-care-10-anos-impacto-social\/#respond"]}]},{"@type":"WebPage","@id":"https:\/\/luracare.es\/es_es\/2025\/06\/lura-care-10-anos-impacto-social\/","url":"https:\/\/luracare.es\/es_es\/2025\/06\/lura-care-10-anos-impacto-social\/","name":"Lura Care: 10 a\u00f1os de impacto social - Lura Care Espa\u00f1a","isPartOf":{"@id":"https:\/\/luracare.es\/ca\/#website"},"primaryImageOfPage":{"@id":"https:\/\/luracare.es\/es_es\/2025\/06\/lura-care-10-anos-impacto-social\/#primaryimage"},"image":{"@id":"https:\/\/luracare.es\/es_es\/2025\/06\/lura-care-10-anos-impacto-social\/#primaryimage"},"thumbnailUrl":"https:\/\/luracare.es\/wp-content\/uploads\/2025\/06\/LuraCare-ES-Articulos-10_anos_impacto-1200x600-1.jpg","datePublished":"2025-06-10T07:31:31+00:00","dateModified":"2025-06-10T07:31:32+00:00","description":"En Lura Care cumplimos 10 a\u00f1os, una d\u00e9cada de esfuerzo y dedicaci\u00f3n para lograr que los servicios de salud domiciliaria sean una realidad a trav\u00e9s de nuestro innovador modelo de servicios de salud m\u00f3viles.","breadcrumb":{"@id":"https:\/\/luracare.es\/es_es\/2025\/06\/lura-care-10-anos-impacto-social\/#breadcrumb"},"inLanguage":"es","potentialAction":[{"@type":"ReadAction","target":["https:\/\/luracare.es\/es_es\/2025\/06\/lura-care-10-anos-impacto-social\/"]}]},{"@type":"ImageObject","inLanguage":"es","@id":"https:\/\/luracare.es\/es_es\/2025\/06\/lura-care-10-anos-impacto-social\/#primaryimage","url":"https:\/\/luracare.es\/wp-content\/uploads\/2025\/06\/LuraCare-ES-Articulos-10_anos_impacto-1200x600-1.jpg","contentUrl":"https:\/\/luracare.es\/wp-content\/uploads\/2025\/06\/LuraCare-ES-Articulos-10_anos_impacto-1200x600-1.jpg","width":1200,"height":600,"caption":"Parece que fue ayer cuando empezamos, pero han pasado ya 10 a\u00f1os desde que pusimos en marcha nuestro modelo de odontolog\u00eda domiciliaria desde nuestras humildes primeras oficinas en Barcelona."},{"@type":"BreadcrumbList","@id":"https:\/\/luracare.es\/es_es\/2025\/06\/lura-care-10-anos-impacto-social\/#breadcrumb","itemListElement":[{"@type":"ListItem","position":1,"name":"Portada","item":"https:\/\/luracare.es\/ca\/"},{"@type":"ListItem","position":2,"name":"Lura Care: 10 a\u00f1os de impacto social"}]},{"@type":"WebSite","@id":"https:\/\/luracare.es\/ca\/#website","url":"https:\/\/luracare.es\/ca\/","name":"Lura Care - La asistencia domiciliaria que necesitas","description":"L\u00edderes en odontolog\u00eda residencial para la tercera edad y las personas con diversidad funcional.","publisher":{"@id":"https:\/\/luracare.es\/ca\/#organization"},"alternateName":"Lura Care","potentialAction":[{"@type":"SearchAction","target":{"@type":"EntryPoint","urlTemplate":"https:\/\/luracare.es\/ca\/?s={search_term_string}"},"query-input":{"@type":"PropertyValueSpecification","valueRequired":true,"valueName":"search_term_string"}}],"inLanguage":"es"},{"@type":"Organization","@id":"https:\/\/luracare.es\/ca\/#organization","name":"Lura Care","alternateName":"DENTAL RESIDENCY S.L.","url":"https:\/\/luracare.es\/ca\/","logo":{"@type":"ImageObject","inLanguage":"es","@id":"https:\/\/luracare.es\/ca\/#\/schema\/logo\/image\/","url":"https:\/\/luracare.es\/wp-content\/uploads\/2023\/10\/Lura_Care_Bringing_Health_To-Your_Home_h1_claim.png","contentUrl":"https:\/\/luracare.es\/wp-content\/uploads\/2023\/10\/Lura_Care_Bringing_Health_To-Your_Home_h1_claim.png","width":3290,"height":943,"caption":"Lura Care"},"image":{"@id":"https:\/\/luracare.es\/ca\/#\/schema\/logo\/image\/"}},{"@type":"Person","@id":"https:\/\/luracare.es\/ca\/#\/schema\/person\/481791a2cec057d87c344bde8cbe83a7","name":"Ramon Prats","image":{"@type":"ImageObject","inLanguage":"es","@id":"https:\/\/secure.gravatar.com\/avatar\/c626816712aa8911daa37bd8129f436f3b1b4c74d0ef5669f69af79994f3648d?s=96&d=wavatar&r=g","url":"https:\/\/secure.gravatar.com\/avatar\/c626816712aa8911daa37bd8129f436f3b1b4c74d0ef5669f69af79994f3648d?s=96&d=wavatar&r=g","contentUrl":"https:\/\/secure.gravatar.com\/avatar\/c626816712aa8911daa37bd8129f436f3b1b4c74d0ef5669f69af79994f3648d?s=96&d=wavatar&r=g","caption":"Ramon Prats"},"url":"https:\/\/luracare.es\/es_es\/author\/rprats\/"}]}},"_links":{"self":[{"href":"https:\/\/luracare.es\/es_es\/wp-json\/wp\/v2\/posts\/5680","targetHints":{"allow":["GET"]}}],"collection":[{"href":"https:\/\/luracare.es\/es_es\/wp-json\/wp\/v2\/posts"}],"about":[{"href":"https:\/\/luracare.es\/es_es\/wp-json\/wp\/v2\/types\/post"}],"author":[{"embeddable":true,"href":"https:\/\/luracare.es\/es_es\/wp-json\/wp\/v2\/users\/3"}],"replies":[{"embeddable":true,"href":"https:\/\/luracare.es\/es_es\/wp-json\/wp\/v2\/comments?post=5680"}],"version-history":[{"count":1,"href":"https:\/\/luracare.es\/es_es\/wp-json\/wp\/v2\/posts\/5680\/revisions"}],"predecessor-version":[{"id":5682,"href":"https:\/\/luracare.es\/es_es\/wp-json\/wp\/v2\/posts\/5680\/revisions\/5682"}],"wp:featuredmedia":[{"embeddable":true,"href":"https:\/\/luracare.es\/es_es\/wp-json\/wp\/v2\/media\/5681"}],"wp:attachment":[{"href":"https:\/\/luracare.es\/es_es\/wp-json\/wp\/v2\/media?parent=5680"}],"wp:term":[{"taxonomy":"category","embeddable":true,"href":"https:\/\/luracare.es\/es_es\/wp-json\/wp\/v2\/categories?post=5680"},{"taxonomy":"post_tag","embeddable":true,"href":"https:\/\/luracare.es\/es_es\/wp-json\/wp\/v2\/tags?post=5680"}],"curies":[{"name":"wp","href":"https:\/\/api.w.org\/{rel}","templated":true}]}}