{"id":7066,"date":"2026-03-05T10:27:54","date_gmt":"2026-03-05T10:27:54","guid":{"rendered":"https:\/\/luracare.es\/?p=7066"},"modified":"2026-03-09T10:39:12","modified_gmt":"2026-03-09T10:39:12","slug":"lura-care-participa-en-la-primera-edicion-del-monlau-connect-hub","status":"publish","type":"post","link":"https:\/\/luracare.es\/es_es\/2026\/03\/lura-care-participa-en-la-primera-edicion-del-monlau-connect-hub\/","title":{"rendered":"Lura Care participa en la primera edici\u00f3n del Monlau Connect Hub"},"content":{"rendered":"\n<h6 class=\"wp-block-heading has-primary-color has-text-color has-link-color wp-elements-17b2addb7d201c91ad750b499bab3cc0\">Ayer tuvimos el placer de participar en la primera edici\u00f3n de Monlau Connect Hub, una jornada pensada\u00a0para\u00a0conectar a empresas con estudiantes\u00a0de los sectores de\u00a0Inform\u00e1tica,\u00a0Finanzas y Marketing\u00a0que buscan primeras experiencias profesionales, y para generar oportunidades reales para el talento joven.<\/h6>\n\n\n\n<p><\/p>\n\n\n\n<p><strong>05\/03\/2026<\/strong><\/p>\n\n\n\n<p>En la ma\u00f1ana de ayer Rosa Salvador, responsable de Recursos Humanos de <a href=\"https:\/\/luracare.es\" target=\"_blank\" rel=\"noreferrer noopener\">Lura Care<\/a>, tuvo el placer de participar en la primera edici\u00f3n de <a href=\"https:\/\/www.monlau.com\/formacio-professional\/monlau-connect-hub\/\" target=\"_blank\" rel=\"noreferrer noopener\">Monlau Connect Hub<\/a>, impulsado por <a href=\"https:\/\/www.monlau.com\/formacio-professional\" target=\"_blank\" rel=\"noreferrer noopener\">Monlau Formaci\u00f3n Profesional<\/a> con el objetivo de <strong>acercar el talento joven al mundo profesional y fortalecer el v\u00ednculo entre formaci\u00f3n y empresa<\/strong>.<\/p>\n\n\n\n<p>Durante la jornada celebrada en el emblem\u00e1tico espacio de la <a href=\"https:\/\/www.barcelona.cat\/fabraicoats\/es\" target=\"_blank\" rel=\"noreferrer noopener\">Fabra i Coats<\/a>, la f\u00e1brica de creaci\u00f3n de Barcelona, m\u00e1s de 150 alumnos de los ciclos formativos de grado superior de Inform\u00e1tica, Empresa y Marketing tuvieron la oportunidad de <strong>conocer de primera mano a 15 empresas, compartir experiencias y explorar oportunidades<\/strong> de pr\u00e1cticas e inserci\u00f3n laboral.<\/p>\n\n\n\n<p>Se llev\u00f3 a cabo una mesa redonda en la que se abordaron <strong>temas relacionados con el talento joven y la integraci\u00f3n de la IA<\/strong> en la formaci\u00f3n de los futuros profesionales, un aspecto que sin lugar a dudas ser\u00e1 clave para afrontar los nuevos retos del mundo laboral.<\/p>\n\n\n\n<p>Posteriormente, los alumnos pudieron <strong>participar en un formato de <em>speed dating<\/em><\/strong>, en el que tuvieron la oportunidad de conocer los modelos y las actividades de las empresas participantes, y postularse como candidatos para entrar a formar parte de sus equipos.<\/p>\n\n\n\n<p>Rosa Salvador, responsable de Recursos Humanos de <a href=\"https:\/\/luracare.es\" target=\"_blank\" rel=\"noreferrer noopener\">Lura Care<\/a>, valor\u00f3 de forma muy positiva nuestra participaci\u00f3n en <a href=\"https:\/\/www.monlau.com\/formacio-professional\/monlau-connect-hub\/\" target=\"_blank\" rel=\"noreferrer noopener\">Monlau Connect Hub<\/a>. \u201cPara los alumnos es una experiencia muy positiva, sobre todo <strong>poder tener primeros contactos con empresas<\/strong> y romper el hielo de primera mano con el mundo laboral que les aguarda, y para nosotros es muy valioso poder <strong>conocer sus inquietudes para el desarrollo de su carrera profesional<\/strong>\u201d.<\/p>\n\n\n\n<p>En <a href=\"https:\/\/luracare.es\" target=\"_blank\" rel=\"noreferrer noopener\">Lura Care<\/a> apostamos firmemente por el <strong>talento joven como un factor que aporta un gran valor a\u00f1adido<\/strong> a nuestro modelo de servicios de salud domiciliarios para personas dependientes o con problemas de movilidad.<\/p>\n\n\n\n<p>Una Formaci\u00f3n Profesional de calidad solo es posible con la implicaci\u00f3n activa de las empresas, y eventos como el <a href=\"https:\/\/www.monlau.com\/formacio-professional\/monlau-connect-hub\/\" target=\"_blank\" rel=\"noreferrer noopener\">Monlau Connect Hub<\/a> demuestran que, cuando educaci\u00f3n y empresa trabajan juntas, se generan <strong>oportunidades reales para el talento joven<\/strong>.<\/p>\n\n\n\n<div style=\"height:20px\" aria-hidden=\"true\" class=\"wp-block-spacer\"><\/div>\n\n\n\n<div aria-label=\"Carousel Gallery\" class=\"wp-block-coblocks-gallery-carousel alignfull\"><div class=\"coblocks-gallery-carousel-swiper-container is-cropped coblocks-gallery has-caption-style-dark has-horizontal-gutter\"><div class=\"has-carousel has-carousel-lrg swiper-container has-aligned-cells has-nav-94490a27\" data-swiper=\"{&quot;alignCells&quot;:true,&quot;autoPlay&quot;:false,&quot;autoPlaySpeed&quot;:3000,&quot;draggable&quot;:false,&quot;freeMode&quot;:false,&quot;loop&quot;:false,&quot;navigation&quot;:false,&quot;pageDots&quot;:false,&quot;pauseHover&quot;:false,&quot;responsiveHeight&quot;:false,&quot;slidesPerView&quot;:2,&quot;thumbnails&quot;:true,&quot;uuid&quot;:&quot;12345&quot;}\" style=\"height:400px\"><div class=\"swiper-wrapper\"><div class=\"swiper-slide\"><div class=\"coblocks-gallery--item\" role=\"button\"><figure class=\"coblocks-gallery--figure has-margin-left-15 has-margin-right-15\"><img loading=\"lazy\" decoding=\"async\" width=\"1024\" height=\"1024\" alt=\"\" class=\"wp-image-7069\" data-id=\"7069\" data-link=\"https:\/\/luracare.es\/?attachment_id=7069\" src=\"https:\/\/luracare.es\/wp-content\/uploads\/2026\/03\/LuraCare-ES-Monlau_Connect_Hub_01-1024x1024.jpg\" srcset=\"https:\/\/luracare.es\/wp-content\/uploads\/2026\/03\/LuraCare-ES-Monlau_Connect_Hub_01-1024x1024.jpg 1024w, https:\/\/luracare.es\/wp-content\/uploads\/2026\/03\/LuraCare-ES-Monlau_Connect_Hub_01-300x300.jpg 300w, https:\/\/luracare.es\/wp-content\/uploads\/2026\/03\/LuraCare-ES-Monlau_Connect_Hub_01-150x150.jpg 150w, https:\/\/luracare.es\/wp-content\/uploads\/2026\/03\/LuraCare-ES-Monlau_Connect_Hub_01-768x768.jpg 768w, https:\/\/luracare.es\/wp-content\/uploads\/2026\/03\/LuraCare-ES-Monlau_Connect_Hub_01-12x12.jpg 12w, https:\/\/luracare.es\/wp-content\/uploads\/2026\/03\/LuraCare-ES-Monlau_Connect_Hub_01.jpg 1500w\" sizes=\"auto, (max-width: 1024px) 100vw, 1024px\" \/><\/figure><figcaption class=\"coblocks-gallery--caption coblocks-gallery--primary-caption\"><\/figcaption><\/div><\/div><div class=\"swiper-slide\"><div class=\"coblocks-gallery--item\" role=\"button\"><figure class=\"coblocks-gallery--figure has-margin-left-15 has-margin-right-15\"><img loading=\"lazy\" decoding=\"async\" width=\"1024\" height=\"1024\" alt=\"\" class=\"wp-image-7068\" data-id=\"7068\" data-link=\"https:\/\/luracare.es\/?attachment_id=7068\" src=\"https:\/\/luracare.es\/wp-content\/uploads\/2026\/03\/LuraCare-ES-Monlau_Connect_Hub_02-1024x1024.jpg\" srcset=\"https:\/\/luracare.es\/wp-content\/uploads\/2026\/03\/LuraCare-ES-Monlau_Connect_Hub_02-1024x1024.jpg 1024w, https:\/\/luracare.es\/wp-content\/uploads\/2026\/03\/LuraCare-ES-Monlau_Connect_Hub_02-300x300.jpg 300w, https:\/\/luracare.es\/wp-content\/uploads\/2026\/03\/LuraCare-ES-Monlau_Connect_Hub_02-150x150.jpg 150w, https:\/\/luracare.es\/wp-content\/uploads\/2026\/03\/LuraCare-ES-Monlau_Connect_Hub_02-768x768.jpg 768w, https:\/\/luracare.es\/wp-content\/uploads\/2026\/03\/LuraCare-ES-Monlau_Connect_Hub_02-12x12.jpg 12w, https:\/\/luracare.es\/wp-content\/uploads\/2026\/03\/LuraCare-ES-Monlau_Connect_Hub_02.jpg 1500w\" sizes=\"auto, (max-width: 1024px) 100vw, 1024px\" \/><\/figure><figcaption class=\"coblocks-gallery--caption coblocks-gallery--primary-caption\"><\/figcaption><\/div><\/div><div class=\"swiper-slide\"><div class=\"coblocks-gallery--item\" role=\"button\"><figure class=\"coblocks-gallery--figure has-margin-left-15 has-margin-right-15\"><img loading=\"lazy\" decoding=\"async\" width=\"1024\" height=\"1024\" alt=\"\" class=\"wp-image-7070\" data-id=\"7070\" data-link=\"https:\/\/luracare.es\/?attachment_id=7070\" src=\"https:\/\/luracare.es\/wp-content\/uploads\/2026\/03\/LuraCare-ES-Monlau_Connect_Hub_03-1024x1024.jpg\" srcset=\"https:\/\/luracare.es\/wp-content\/uploads\/2026\/03\/LuraCare-ES-Monlau_Connect_Hub_03-1024x1024.jpg 1024w, https:\/\/luracare.es\/wp-content\/uploads\/2026\/03\/LuraCare-ES-Monlau_Connect_Hub_03-300x300.jpg 300w, https:\/\/luracare.es\/wp-content\/uploads\/2026\/03\/LuraCare-ES-Monlau_Connect_Hub_03-150x150.jpg 150w, https:\/\/luracare.es\/wp-content\/uploads\/2026\/03\/LuraCare-ES-Monlau_Connect_Hub_03-768x768.jpg 768w, https:\/\/luracare.es\/wp-content\/uploads\/2026\/03\/LuraCare-ES-Monlau_Connect_Hub_03-12x12.jpg 12w, https:\/\/luracare.es\/wp-content\/uploads\/2026\/03\/LuraCare-ES-Monlau_Connect_Hub_03.jpg 1500w\" sizes=\"auto, (max-width: 1024px) 100vw, 1024px\" \/><\/figure><figcaption class=\"coblocks-gallery--caption coblocks-gallery--primary-caption\"><\/figcaption><\/div><\/div><div class=\"swiper-slide\"><div class=\"coblocks-gallery--item\" role=\"button\"><figure class=\"coblocks-gallery--figure has-margin-left-15 has-margin-right-15\"><img loading=\"lazy\" decoding=\"async\" width=\"1024\" height=\"1024\" alt=\"\" class=\"wp-image-7071\" data-id=\"7071\" data-link=\"https:\/\/luracare.es\/?attachment_id=7071\" src=\"https:\/\/luracare.es\/wp-content\/uploads\/2026\/03\/LuraCare-ES-Monlau_Connect_Hub_04-1024x1024.jpg\" srcset=\"https:\/\/luracare.es\/wp-content\/uploads\/2026\/03\/LuraCare-ES-Monlau_Connect_Hub_04-1024x1024.jpg 1024w, https:\/\/luracare.es\/wp-content\/uploads\/2026\/03\/LuraCare-ES-Monlau_Connect_Hub_04-300x300.jpg 300w, https:\/\/luracare.es\/wp-content\/uploads\/2026\/03\/LuraCare-ES-Monlau_Connect_Hub_04-150x150.jpg 150w, https:\/\/luracare.es\/wp-content\/uploads\/2026\/03\/LuraCare-ES-Monlau_Connect_Hub_04-768x768.jpg 768w, https:\/\/luracare.es\/wp-content\/uploads\/2026\/03\/LuraCare-ES-Monlau_Connect_Hub_04-12x12.jpg 12w, https:\/\/luracare.es\/wp-content\/uploads\/2026\/03\/LuraCare-ES-Monlau_Connect_Hub_04.jpg 1500w\" sizes=\"auto, (max-width: 1024px) 100vw, 1024px\" \/><\/figure><figcaption class=\"coblocks-gallery--caption coblocks-gallery--primary-caption\"><\/figcaption><\/div><\/div><\/div><\/div><div class=\"wp-block-coblocks-gallery-carousel-thumbnail-pagination has-margin-top-15\"><button aria-label=\"gallery thumbnail\" class=\"wp-block-coblocks-gallery-carousel-thumbnail wp-block-coblocks-gallery-carousel-thumbnail-0 has-margin-left-15 has-margin-right-15\" style=\"height:80px;width:100px\"><img decoding=\"async\" alt=\"\" data-id=\"7069\" data-link=\"https:\/\/luracare.es\/?attachment_id=7069\" src=\"https:\/\/luracare.es\/wp-content\/uploads\/2026\/03\/LuraCare-ES-Monlau_Connect_Hub_01-1024x1024.jpg\" style=\"height:100%;width:100%\" \/><\/button><button aria-label=\"gallery thumbnail\" class=\"wp-block-coblocks-gallery-carousel-thumbnail wp-block-coblocks-gallery-carousel-thumbnail-1 has-margin-left-15 has-margin-right-15\" style=\"height:80px;width:100px\"><img decoding=\"async\" alt=\"\" data-id=\"7068\" data-link=\"https:\/\/luracare.es\/?attachment_id=7068\" src=\"https:\/\/luracare.es\/wp-content\/uploads\/2026\/03\/LuraCare-ES-Monlau_Connect_Hub_02-1024x1024.jpg\" style=\"height:100%;width:100%\" \/><\/button><button aria-label=\"gallery thumbnail\" class=\"wp-block-coblocks-gallery-carousel-thumbnail wp-block-coblocks-gallery-carousel-thumbnail-2 has-margin-left-15 has-margin-right-15\" style=\"height:80px;width:100px\"><img decoding=\"async\" alt=\"\" data-id=\"7070\" data-link=\"https:\/\/luracare.es\/?attachment_id=7070\" src=\"https:\/\/luracare.es\/wp-content\/uploads\/2026\/03\/LuraCare-ES-Monlau_Connect_Hub_03-1024x1024.jpg\" style=\"height:100%;width:100%\" \/><\/button><button aria-label=\"gallery thumbnail\" class=\"wp-block-coblocks-gallery-carousel-thumbnail wp-block-coblocks-gallery-carousel-thumbnail-3 has-margin-left-15 has-margin-right-15\" style=\"height:80px;width:100px\"><img decoding=\"async\" alt=\"\" data-id=\"7071\" data-link=\"https:\/\/luracare.es\/?attachment_id=7071\" src=\"https:\/\/luracare.es\/wp-content\/uploads\/2026\/03\/LuraCare-ES-Monlau_Connect_Hub_04-1024x1024.jpg\" style=\"height:100%;width:100%\" \/><\/button><\/div><\/div><\/div>\n\n\n\n<div style=\"height:50px\" aria-hidden=\"true\" class=\"wp-block-spacer\"><\/div>\n\n\n\n<p><\/p>\n","protected":false},"excerpt":{"rendered":"<p>Ayer tuvimos el placer de participar en la primera edici\u00f3n de Monlau Connect Hub, una jornada pensada\u00a0para\u00a0conectar a empresas con estudiantes\u00a0de los sectores de\u00a0Inform\u00e1tica,\u00a0Finanzas y Marketing\u00a0que buscan primeras experiencias profesionales, y para generar oportunidades reales para el talento joven. 05\/03\/2026 En la ma\u00f1ana de ayer Rosa Salvador, responsable de Recursos Humanos de Lura Care, tuvo&hellip; <a class=\"continue\" href=\"https:\/\/luracare.es\/es_es\/2026\/03\/lura-care-participa-en-la-primera-edicion-del-monlau-connect-hub\/\">Continue Reading<span> Lura Care participa en la primera edici\u00f3n del Monlau Connect Hub<\/span><\/a><\/p>\n","protected":false},"author":3,"featured_media":7067,"comment_status":"open","ping_status":"open","sticky":false,"template":"","format":"standard","meta":{"_coblocks_attr":"","_coblocks_dimensions":"","_coblocks_responsive_height":"","_coblocks_accordion_ie_support":"","footnotes":""},"categories":[19],"tags":[162,37,165,237,207],"class_list":["post-7066","post","type-post","status-publish","format-standard","has-post-thumbnail","hentry","category-noticias","tag-formacion","tag-impacto-social","tag-innovacion","tag-recursos-humanos","tag-talento"],"yoast_head":"<!-- This site is optimized with the Yoast SEO plugin v27.5 - https:\/\/yoast.com\/product\/yoast-seo-wordpress\/ -->\n<title>Lura Care participa en la primera edici\u00f3n del Monlau Connect Hub - Lura Care Espa\u00f1a<\/title>\n<meta name=\"description\" content=\"Participamos en esta jornada pensada para conectar a empresas con estudiantes que buscan primeras experiencias profesionales, y para generar oportunidades reales para el talento joven.\" \/>\n<meta name=\"robots\" content=\"index, follow, max-snippet:-1, max-image-preview:large, max-video-preview:-1\" \/>\n<link rel=\"canonical\" href=\"https:\/\/luracare.es\/es_es\/2026\/03\/lura-care-participa-en-la-primera-edicion-del-monlau-connect-hub\/\" \/>\n<meta property=\"og:locale\" content=\"es_ES\" \/>\n<meta property=\"og:type\" content=\"article\" \/>\n<meta property=\"og:title\" content=\"Lura Care participa en la primera edici\u00f3ndel Monlau Connect Hub\" \/>\n<meta property=\"og:description\" content=\"Participamos en esta jornada pensada para conectar a empresas con estudiantes que buscan primeras experiencias profesionales, y para generar oportunidades reales para el talento joven.\" \/>\n<meta property=\"og:url\" content=\"https:\/\/luracare.es\/es_es\/2026\/03\/lura-care-participa-en-la-primera-edicion-del-monlau-connect-hub\/\" \/>\n<meta property=\"og:site_name\" content=\"Lura Care Espa\u00f1a\" \/>\n<meta property=\"article:published_time\" content=\"2026-03-05T10:27:54+00:00\" \/>\n<meta property=\"article:modified_time\" content=\"2026-03-09T10:39:12+00:00\" \/>\n<meta property=\"og:image\" content=\"https:\/\/luracare.es\/wp-content\/uploads\/2026\/03\/LuraCare-ES-Noticias-Monlau_Connect_Hub_2026-1200x600-1.jpg\" \/>\n\t<meta property=\"og:image:width\" content=\"1200\" \/>\n\t<meta property=\"og:image:height\" content=\"600\" \/>\n\t<meta property=\"og:image:type\" content=\"image\/jpeg\" \/>\n<meta name=\"author\" content=\"Ramon Prats\" \/>\n<meta name=\"twitter:card\" content=\"summary_large_image\" \/>\n<meta name=\"twitter:label1\" content=\"Escrito por\" \/>\n\t<meta name=\"twitter:data1\" content=\"Ramon Prats\" \/>\n\t<meta name=\"twitter:label2\" content=\"Tiempo de lectura\" \/>\n\t<meta name=\"twitter:data2\" content=\"4 minutos\" \/>\n<script type=\"application\/ld+json\" class=\"yoast-schema-graph\">{\"@context\":\"https:\\\/\\\/schema.org\",\"@graph\":[{\"@type\":\"Article\",\"@id\":\"https:\\\/\\\/luracare.es\\\/2026\\\/03\\\/lura-care-participa-en-la-primera-edicion-del-monlau-connect-hub\\\/#article\",\"isPartOf\":{\"@id\":\"https:\\\/\\\/luracare.es\\\/2026\\\/03\\\/lura-care-participa-en-la-primera-edicion-del-monlau-connect-hub\\\/\"},\"author\":{\"name\":\"Ramon Prats\",\"@id\":\"https:\\\/\\\/luracare.es\\\/ca\\\/#\\\/schema\\\/person\\\/481791a2cec057d87c344bde8cbe83a7\"},\"headline\":\"Lura Care participa en la primera edici\u00f3n del Monlau Connect Hub\",\"datePublished\":\"2026-03-05T10:27:54+00:00\",\"dateModified\":\"2026-03-09T10:39:12+00:00\",\"mainEntityOfPage\":{\"@id\":\"https:\\\/\\\/luracare.es\\\/2026\\\/03\\\/lura-care-participa-en-la-primera-edicion-del-monlau-connect-hub\\\/\"},\"wordCount\":410,\"commentCount\":0,\"publisher\":{\"@id\":\"https:\\\/\\\/luracare.es\\\/ca\\\/#organization\"},\"image\":{\"@id\":\"https:\\\/\\\/luracare.es\\\/2026\\\/03\\\/lura-care-participa-en-la-primera-edicion-del-monlau-connect-hub\\\/#primaryimage\"},\"thumbnailUrl\":\"https:\\\/\\\/luracare.es\\\/wp-content\\\/uploads\\\/2026\\\/03\\\/LuraCare-ES-Noticias-Monlau_Connect_Hub_2026-1200x600-1.jpg\",\"keywords\":[\"formaci\u00f3n\",\"impacto social\",\"innovaci\u00f3n\",\"Recursos Humanos\",\"talento\"],\"articleSection\":[\"Noticias\"],\"inLanguage\":\"es\",\"potentialAction\":[{\"@type\":\"CommentAction\",\"name\":\"Comment\",\"target\":[\"https:\\\/\\\/luracare.es\\\/2026\\\/03\\\/lura-care-participa-en-la-primera-edicion-del-monlau-connect-hub\\\/#respond\"]}]},{\"@type\":\"WebPage\",\"@id\":\"https:\\\/\\\/luracare.es\\\/2026\\\/03\\\/lura-care-participa-en-la-primera-edicion-del-monlau-connect-hub\\\/\",\"url\":\"https:\\\/\\\/luracare.es\\\/2026\\\/03\\\/lura-care-participa-en-la-primera-edicion-del-monlau-connect-hub\\\/\",\"name\":\"Lura Care participa en la primera edici\u00f3n del Monlau Connect Hub - Lura Care Espa\u00f1a\",\"isPartOf\":{\"@id\":\"https:\\\/\\\/luracare.es\\\/ca\\\/#website\"},\"primaryImageOfPage\":{\"@id\":\"https:\\\/\\\/luracare.es\\\/2026\\\/03\\\/lura-care-participa-en-la-primera-edicion-del-monlau-connect-hub\\\/#primaryimage\"},\"image\":{\"@id\":\"https:\\\/\\\/luracare.es\\\/2026\\\/03\\\/lura-care-participa-en-la-primera-edicion-del-monlau-connect-hub\\\/#primaryimage\"},\"thumbnailUrl\":\"https:\\\/\\\/luracare.es\\\/wp-content\\\/uploads\\\/2026\\\/03\\\/LuraCare-ES-Noticias-Monlau_Connect_Hub_2026-1200x600-1.jpg\",\"datePublished\":\"2026-03-05T10:27:54+00:00\",\"dateModified\":\"2026-03-09T10:39:12+00:00\",\"description\":\"Participamos en esta jornada pensada para conectar a empresas con estudiantes que buscan primeras experiencias profesionales, y para generar oportunidades reales para el talento joven.\",\"breadcrumb\":{\"@id\":\"https:\\\/\\\/luracare.es\\\/2026\\\/03\\\/lura-care-participa-en-la-primera-edicion-del-monlau-connect-hub\\\/#breadcrumb\"},\"inLanguage\":\"es\",\"potentialAction\":[{\"@type\":\"ReadAction\",\"target\":[\"https:\\\/\\\/luracare.es\\\/2026\\\/03\\\/lura-care-participa-en-la-primera-edicion-del-monlau-connect-hub\\\/\"]}]},{\"@type\":\"ImageObject\",\"inLanguage\":\"es\",\"@id\":\"https:\\\/\\\/luracare.es\\\/2026\\\/03\\\/lura-care-participa-en-la-primera-edicion-del-monlau-connect-hub\\\/#primaryimage\",\"url\":\"https:\\\/\\\/luracare.es\\\/wp-content\\\/uploads\\\/2026\\\/03\\\/LuraCare-ES-Noticias-Monlau_Connect_Hub_2026-1200x600-1.jpg\",\"contentUrl\":\"https:\\\/\\\/luracare.es\\\/wp-content\\\/uploads\\\/2026\\\/03\\\/LuraCare-ES-Noticias-Monlau_Connect_Hub_2026-1200x600-1.jpg\",\"width\":1200,\"height\":600,\"caption\":\"Lura Care participa en la primera edici\u00f3n del Monlau Connect Hub\"},{\"@type\":\"BreadcrumbList\",\"@id\":\"https:\\\/\\\/luracare.es\\\/2026\\\/03\\\/lura-care-participa-en-la-primera-edicion-del-monlau-connect-hub\\\/#breadcrumb\",\"itemListElement\":[{\"@type\":\"ListItem\",\"position\":1,\"name\":\"Portada\",\"item\":\"https:\\\/\\\/luracare.es\\\/ca\\\/\"},{\"@type\":\"ListItem\",\"position\":2,\"name\":\"Lura Care participa en la primera edici\u00f3n del Monlau Connect Hub\"}]},{\"@type\":\"WebSite\",\"@id\":\"https:\\\/\\\/luracare.es\\\/ca\\\/#website\",\"url\":\"https:\\\/\\\/luracare.es\\\/ca\\\/\",\"name\":\"Lura Care - La asistencia domiciliaria que necesitas\",\"description\":\"L\u00edderes en odontolog\u00eda residencial para la tercera edad y las personas con diversidad funcional.\",\"publisher\":{\"@id\":\"https:\\\/\\\/luracare.es\\\/ca\\\/#organization\"},\"alternateName\":\"Lura Care\",\"potentialAction\":[{\"@type\":\"SearchAction\",\"target\":{\"@type\":\"EntryPoint\",\"urlTemplate\":\"https:\\\/\\\/luracare.es\\\/ca\\\/?s={search_term_string}\"},\"query-input\":{\"@type\":\"PropertyValueSpecification\",\"valueRequired\":true,\"valueName\":\"search_term_string\"}}],\"inLanguage\":\"es\"},{\"@type\":\"Organization\",\"@id\":\"https:\\\/\\\/luracare.es\\\/ca\\\/#organization\",\"name\":\"Lura Care\",\"alternateName\":\"DENTAL RESIDENCY S.L.\",\"url\":\"https:\\\/\\\/luracare.es\\\/ca\\\/\",\"logo\":{\"@type\":\"ImageObject\",\"inLanguage\":\"es\",\"@id\":\"https:\\\/\\\/luracare.es\\\/ca\\\/#\\\/schema\\\/logo\\\/image\\\/\",\"url\":\"https:\\\/\\\/luracare.es\\\/wp-content\\\/uploads\\\/2023\\\/10\\\/Lura_Care_Bringing_Health_To-Your_Home_h1_claim.png\",\"contentUrl\":\"https:\\\/\\\/luracare.es\\\/wp-content\\\/uploads\\\/2023\\\/10\\\/Lura_Care_Bringing_Health_To-Your_Home_h1_claim.png\",\"width\":3290,\"height\":943,\"caption\":\"Lura Care\"},\"image\":{\"@id\":\"https:\\\/\\\/luracare.es\\\/ca\\\/#\\\/schema\\\/logo\\\/image\\\/\"}},{\"@type\":\"Person\",\"@id\":\"https:\\\/\\\/luracare.es\\\/ca\\\/#\\\/schema\\\/person\\\/481791a2cec057d87c344bde8cbe83a7\",\"name\":\"Ramon Prats\",\"image\":{\"@type\":\"ImageObject\",\"inLanguage\":\"es\",\"@id\":\"https:\\\/\\\/secure.gravatar.com\\\/avatar\\\/c626816712aa8911daa37bd8129f436f3b1b4c74d0ef5669f69af79994f3648d?s=96&d=wavatar&r=g\",\"url\":\"https:\\\/\\\/secure.gravatar.com\\\/avatar\\\/c626816712aa8911daa37bd8129f436f3b1b4c74d0ef5669f69af79994f3648d?s=96&d=wavatar&r=g\",\"contentUrl\":\"https:\\\/\\\/secure.gravatar.com\\\/avatar\\\/c626816712aa8911daa37bd8129f436f3b1b4c74d0ef5669f69af79994f3648d?s=96&d=wavatar&r=g\",\"caption\":\"Ramon Prats\"},\"url\":\"https:\\\/\\\/luracare.es\\\/es_es\\\/author\\\/rprats\\\/\"}]}<\/script>\n<!-- \/ Yoast SEO plugin. -->","yoast_head_json":{"title":"Lura Care participa en la primera edici\u00f3n del Monlau Connect Hub - Lura Care Espa\u00f1a","description":"Participamos en esta jornada pensada para conectar a empresas con estudiantes que buscan primeras experiencias profesionales, y para generar oportunidades reales para el talento joven.","robots":{"index":"index","follow":"follow","max-snippet":"max-snippet:-1","max-image-preview":"max-image-preview:large","max-video-preview":"max-video-preview:-1"},"canonical":"https:\/\/luracare.es\/es_es\/2026\/03\/lura-care-participa-en-la-primera-edicion-del-monlau-connect-hub\/","og_locale":"es_ES","og_type":"article","og_title":"Lura Care participa en la primera edici\u00f3ndel Monlau Connect Hub","og_description":"Participamos en esta jornada pensada para conectar a empresas con estudiantes que buscan primeras experiencias profesionales, y para generar oportunidades reales para el talento joven.","og_url":"https:\/\/luracare.es\/es_es\/2026\/03\/lura-care-participa-en-la-primera-edicion-del-monlau-connect-hub\/","og_site_name":"Lura Care Espa\u00f1a","article_published_time":"2026-03-05T10:27:54+00:00","article_modified_time":"2026-03-09T10:39:12+00:00","og_image":[{"width":1200,"height":600,"url":"https:\/\/luracare.es\/wp-content\/uploads\/2026\/03\/LuraCare-ES-Noticias-Monlau_Connect_Hub_2026-1200x600-1.jpg","type":"image\/jpeg"}],"author":"Ramon Prats","twitter_card":"summary_large_image","twitter_misc":{"Escrito por":"Ramon Prats","Tiempo de lectura":"4 minutos"},"schema":{"@context":"https:\/\/schema.org","@graph":[{"@type":"Article","@id":"https:\/\/luracare.es\/2026\/03\/lura-care-participa-en-la-primera-edicion-del-monlau-connect-hub\/#article","isPartOf":{"@id":"https:\/\/luracare.es\/2026\/03\/lura-care-participa-en-la-primera-edicion-del-monlau-connect-hub\/"},"author":{"name":"Ramon Prats","@id":"https:\/\/luracare.es\/ca\/#\/schema\/person\/481791a2cec057d87c344bde8cbe83a7"},"headline":"Lura Care participa en la primera edici\u00f3n del Monlau Connect Hub","datePublished":"2026-03-05T10:27:54+00:00","dateModified":"2026-03-09T10:39:12+00:00","mainEntityOfPage":{"@id":"https:\/\/luracare.es\/2026\/03\/lura-care-participa-en-la-primera-edicion-del-monlau-connect-hub\/"},"wordCount":410,"commentCount":0,"publisher":{"@id":"https:\/\/luracare.es\/ca\/#organization"},"image":{"@id":"https:\/\/luracare.es\/2026\/03\/lura-care-participa-en-la-primera-edicion-del-monlau-connect-hub\/#primaryimage"},"thumbnailUrl":"https:\/\/luracare.es\/wp-content\/uploads\/2026\/03\/LuraCare-ES-Noticias-Monlau_Connect_Hub_2026-1200x600-1.jpg","keywords":["formaci\u00f3n","impacto social","innovaci\u00f3n","Recursos Humanos","talento"],"articleSection":["Noticias"],"inLanguage":"es","potentialAction":[{"@type":"CommentAction","name":"Comment","target":["https:\/\/luracare.es\/2026\/03\/lura-care-participa-en-la-primera-edicion-del-monlau-connect-hub\/#respond"]}]},{"@type":"WebPage","@id":"https:\/\/luracare.es\/2026\/03\/lura-care-participa-en-la-primera-edicion-del-monlau-connect-hub\/","url":"https:\/\/luracare.es\/2026\/03\/lura-care-participa-en-la-primera-edicion-del-monlau-connect-hub\/","name":"Lura Care participa en la primera edici\u00f3n del Monlau Connect Hub - Lura Care Espa\u00f1a","isPartOf":{"@id":"https:\/\/luracare.es\/ca\/#website"},"primaryImageOfPage":{"@id":"https:\/\/luracare.es\/2026\/03\/lura-care-participa-en-la-primera-edicion-del-monlau-connect-hub\/#primaryimage"},"image":{"@id":"https:\/\/luracare.es\/2026\/03\/lura-care-participa-en-la-primera-edicion-del-monlau-connect-hub\/#primaryimage"},"thumbnailUrl":"https:\/\/luracare.es\/wp-content\/uploads\/2026\/03\/LuraCare-ES-Noticias-Monlau_Connect_Hub_2026-1200x600-1.jpg","datePublished":"2026-03-05T10:27:54+00:00","dateModified":"2026-03-09T10:39:12+00:00","description":"Participamos en esta jornada pensada para conectar a empresas con estudiantes que buscan primeras experiencias profesionales, y para generar oportunidades reales para el talento joven.","breadcrumb":{"@id":"https:\/\/luracare.es\/2026\/03\/lura-care-participa-en-la-primera-edicion-del-monlau-connect-hub\/#breadcrumb"},"inLanguage":"es","potentialAction":[{"@type":"ReadAction","target":["https:\/\/luracare.es\/2026\/03\/lura-care-participa-en-la-primera-edicion-del-monlau-connect-hub\/"]}]},{"@type":"ImageObject","inLanguage":"es","@id":"https:\/\/luracare.es\/2026\/03\/lura-care-participa-en-la-primera-edicion-del-monlau-connect-hub\/#primaryimage","url":"https:\/\/luracare.es\/wp-content\/uploads\/2026\/03\/LuraCare-ES-Noticias-Monlau_Connect_Hub_2026-1200x600-1.jpg","contentUrl":"https:\/\/luracare.es\/wp-content\/uploads\/2026\/03\/LuraCare-ES-Noticias-Monlau_Connect_Hub_2026-1200x600-1.jpg","width":1200,"height":600,"caption":"Lura Care participa en la primera edici\u00f3n del Monlau Connect Hub"},{"@type":"BreadcrumbList","@id":"https:\/\/luracare.es\/2026\/03\/lura-care-participa-en-la-primera-edicion-del-monlau-connect-hub\/#breadcrumb","itemListElement":[{"@type":"ListItem","position":1,"name":"Portada","item":"https:\/\/luracare.es\/ca\/"},{"@type":"ListItem","position":2,"name":"Lura Care participa en la primera edici\u00f3n del Monlau Connect Hub"}]},{"@type":"WebSite","@id":"https:\/\/luracare.es\/ca\/#website","url":"https:\/\/luracare.es\/ca\/","name":"Lura Care - La asistencia domiciliaria que necesitas","description":"L\u00edderes en odontolog\u00eda residencial para la tercera edad y las personas con diversidad funcional.","publisher":{"@id":"https:\/\/luracare.es\/ca\/#organization"},"alternateName":"Lura Care","potentialAction":[{"@type":"SearchAction","target":{"@type":"EntryPoint","urlTemplate":"https:\/\/luracare.es\/ca\/?s={search_term_string}"},"query-input":{"@type":"PropertyValueSpecification","valueRequired":true,"valueName":"search_term_string"}}],"inLanguage":"es"},{"@type":"Organization","@id":"https:\/\/luracare.es\/ca\/#organization","name":"Lura Care","alternateName":"DENTAL RESIDENCY S.L.","url":"https:\/\/luracare.es\/ca\/","logo":{"@type":"ImageObject","inLanguage":"es","@id":"https:\/\/luracare.es\/ca\/#\/schema\/logo\/image\/","url":"https:\/\/luracare.es\/wp-content\/uploads\/2023\/10\/Lura_Care_Bringing_Health_To-Your_Home_h1_claim.png","contentUrl":"https:\/\/luracare.es\/wp-content\/uploads\/2023\/10\/Lura_Care_Bringing_Health_To-Your_Home_h1_claim.png","width":3290,"height":943,"caption":"Lura Care"},"image":{"@id":"https:\/\/luracare.es\/ca\/#\/schema\/logo\/image\/"}},{"@type":"Person","@id":"https:\/\/luracare.es\/ca\/#\/schema\/person\/481791a2cec057d87c344bde8cbe83a7","name":"Ramon Prats","image":{"@type":"ImageObject","inLanguage":"es","@id":"https:\/\/secure.gravatar.com\/avatar\/c626816712aa8911daa37bd8129f436f3b1b4c74d0ef5669f69af79994f3648d?s=96&d=wavatar&r=g","url":"https:\/\/secure.gravatar.com\/avatar\/c626816712aa8911daa37bd8129f436f3b1b4c74d0ef5669f69af79994f3648d?s=96&d=wavatar&r=g","contentUrl":"https:\/\/secure.gravatar.com\/avatar\/c626816712aa8911daa37bd8129f436f3b1b4c74d0ef5669f69af79994f3648d?s=96&d=wavatar&r=g","caption":"Ramon Prats"},"url":"https:\/\/luracare.es\/es_es\/author\/rprats\/"}]}},"_links":{"self":[{"href":"https:\/\/luracare.es\/es_es\/wp-json\/wp\/v2\/posts\/7066","targetHints":{"allow":["GET"]}}],"collection":[{"href":"https:\/\/luracare.es\/es_es\/wp-json\/wp\/v2\/posts"}],"about":[{"href":"https:\/\/luracare.es\/es_es\/wp-json\/wp\/v2\/types\/post"}],"author":[{"embeddable":true,"href":"https:\/\/luracare.es\/es_es\/wp-json\/wp\/v2\/users\/3"}],"replies":[{"embeddable":true,"href":"https:\/\/luracare.es\/es_es\/wp-json\/wp\/v2\/comments?post=7066"}],"version-history":[{"count":6,"href":"https:\/\/luracare.es\/es_es\/wp-json\/wp\/v2\/posts\/7066\/revisions"}],"predecessor-version":[{"id":7077,"href":"https:\/\/luracare.es\/es_es\/wp-json\/wp\/v2\/posts\/7066\/revisions\/7077"}],"wp:featuredmedia":[{"embeddable":true,"href":"https:\/\/luracare.es\/es_es\/wp-json\/wp\/v2\/media\/7067"}],"wp:attachment":[{"href":"https:\/\/luracare.es\/es_es\/wp-json\/wp\/v2\/media?parent=7066"}],"wp:term":[{"taxonomy":"category","embeddable":true,"href":"https:\/\/luracare.es\/es_es\/wp-json\/wp\/v2\/categories?post=7066"},{"taxonomy":"post_tag","embeddable":true,"href":"https:\/\/luracare.es\/es_es\/wp-json\/wp\/v2\/tags?post=7066"}],"curies":[{"name":"wp","href":"https:\/\/api.w.org\/{rel}","templated":true}]}}